{"id":8749,"date":"2020-05-25T11:57:35","date_gmt":"2020-05-25T11:57:35","guid":{"rendered":"https:\/\/www.turchini75.com\/v1\/?p=8749"},"modified":"2021-04-30T16:57:24","modified_gmt":"2021-04-30T14:57:24","slug":"retro-2019-2020-5eme-partie","status":"publish","type":"post","link":"https:\/\/www.turchini75.com\/v1\/2020\/05\/25\/retro-2019-2020-5eme-partie\/","title":{"rendered":"R\u00e9tro 2019-2020  5\u00e8me partie"},"content":{"rendered":"<p style=\"text-align: center;\"><strong>R\u00e9tro 2019-2020 <\/strong><\/p>\n<p style=\"text-align: center;\"><strong>5<sup>\u00e8me<\/sup> partie<\/strong><\/p>\n<p>Deux recrues d\u00e9barquent \u00e0 Bastia dans les derniers jours du mercato d\u2019hiver\u00a0: Massir\u00e9 Kant\u00e9 un milieu de terrain arrive de Toulon (N1) et S\u00e9bastien Da Silva un attaquant de Saint Rapha\u00ebl (N2).<\/p>\n<p>Le Sporting revenu \u00e0 hauteur de point de Sedan consacre le premier week-end de f\u00e9vrier \u00e0 la Coupe de Corse. C\u2019est en deuxi\u00e8me mi-temps que nos Bleus b\u00e2tissent leur succ\u00e8s et s\u2019imposent sur le score sans appel de 3-0.<\/p>\n<p>Retour au championnat avec la r\u00e9ception d\u2019Haguenau pour le compte de la 18<sup>\u00e8me<\/sup> journ\u00e9e. Haguenau \u00ab\u00a0la b\u00eate noire\u00a0\u00bb de Sedan puisqu\u2019en plus du partage des points les Ardennais ont termin\u00e9 la rencontre \u00e0 9 contre 11 leur gardien Lembet et leur d\u00e9fenseur N\u2019Joh-Eboa ayant \u00e9t\u00e9 expuls\u00e9s en fin de match\u2026<\/p>\n<p>Premi\u00e8re titularisation pour Da Silva dans un Furiani bien garni o\u00f9 les retardataires ratent le premier but de la partie d\u00e8s la 2<sup>\u00e8me<\/sup> minute de jeu. Suite \u00e0 un coup-franc de Salles-Lamonge, Le Cardinal ouvre le score de la t\u00eate. Mais ce sera tout pour cette premi\u00e8re p\u00e9riode\u00a0! Gros coup de chaleur \u00e0 \u00bc d\u2019heure de la fin de la rencontre avec une grosse occasion pour Haguenau juste avant que Da Silva ne trouve la transversale apr\u00e8s un remarquable encha\u00eenement dans la surface adverse. A deux doigts d\u2019\u00eatre le h\u00e9ros de la soir\u00e9e\u00a0! C\u2019est Bocognano \u00e0 10 minutes du terme qui d\u00e9livrera tout un stade en reprenant lui aussi de la t\u00eate un coup-franc tir\u00e9 cette fois par Ben Saada. \u00ab\u00a0Petite\u00a0\u00bb victoire, nos Bleus avaient s\u00fbrement la t\u00eate ailleurs, mais victoire qui permet au Sporting de se pr\u00e9senter \u00e0 Sedan, pour sa part vainqueur \u00e0 Belfort, toujours \u00e0 \u00e9galit\u00e9 de points.<\/p>\n<p>Le r\u00e9sum\u00e9 de la rencontre\u00a0: <a href=\"https:\/\/www.sc-bastia.corsica\/bastia-2-0-haguenau-le-resume-video\">https:\/\/www.sc-bastia.corsica\/bastia-2-0-haguenau-le-resume-video<\/a><\/p>\n<p>14<sup>\u00e8me<\/sup> journ\u00e9e. LE MATCH, celui que tout le monde attend depuis plusieurs semaines\u00a0! Nous y voil\u00e0 et 1200 accaniti venus de Corse, mais aussi d\u2019Aix, de Paris, de Belgique, enfin de partout remplissent le parcage \u00ab\u00a0visiteurs\u00a0\u00bb du stade Louis Dugauguez. M\u00eame en L1 il n\u2019y avait jamais eu autant de Turchini pr\u00e9sents\u00a0!!!<\/p>\n<p>Le parcage bastiais\u00a0: <a href=\"https:\/\/www.sc-bastia.corsica\/sedan-0-0-bastia-une-vague-bleue-au-stade-louis-dugauguez\">https:\/\/www.sc-bastia.corsica\/sedan-0-0-bastia-une-vague-bleue-au-stade-louis-dugauguez<\/a><\/p>\n<p>Apr\u00e8s avoir ici m\u00eame perdu deux de ses joueurs expuls\u00e9s lors de la rencontre face \u00e0 Haguenau, apr\u00e8s en avoir perdu un autre \u00e0 Belfort le week-end pr\u00e9c\u00e9dent, les Sedanais se retrouvent une fois encore en inf\u00e9riorit\u00e9 num\u00e9rique et cela d\u00e8s la \u00bd heure de jeu face au Sporting. Vous avez dit nerveux\u00a0? Au final nos Bleus ne pourront profiter de cette sup\u00e9riorit\u00e9 et du soutien inconditionnel des 1200 accaniti. Une barre et un but refus\u00e9 suite \u00e0 un hors-jeu plus que limite, la rencontre se terminera sur le score de 0-0. Si Sedan reste devant au classement gr\u00e2ce \u00e0 un meilleur goal-average particulier, les deux formations totalisent le m\u00eame nombre de points\u00a0: 47.<\/p>\n<p>Le r\u00e9sum\u00e9 de la rencontre\u00a0: <a href=\"https:\/\/www.sc-bastia.corsica\/sedan-0-0-bastia-le-resume-video\">https:\/\/www.sc-bastia.corsica\/sedan-0-0-bastia-le-resume-video<\/a><\/p>\n<p>Lors de son interview d\u2019apr\u00e8s match Mathieu Chabert se montrera malgr\u00e9 tout satisfait du r\u00e9sultat et annoncera\u00a0:\u00a0\u00ab\u00a0Je suis persuad\u00e9 que nous allons passer devant Sedan d\u00e8s le week-end prochain avec la r\u00e9ception de Belfort\u00a0\u00bb\u00a0!<\/p>\n<p>L\u2019interview du coach\u00a0: <a href=\"https:\/\/www.sc-bastia.corsica\/sedan-0-0-bastia-riazzione-di-m-chabert\">https:\/\/www.sc-bastia.corsica\/sedan-0-0-bastia-riazzione-di-m-chabert<\/a><\/p>\n<p>Si le nul ramen\u00e9 de Sedan a mis fin \u00e0 une s\u00e9rie de 5 victoires cons\u00e9cutives, la r\u00e9ception de Belfort pour le compte de la 20<sup>\u00e8me<\/sup> journ\u00e9e doit \u00eatre l\u2019occasion de repartir sur une nouvelle s\u00e9rie.<\/p>\n<p>Belfort qui sort d\u2019une belle \u00e9pop\u00e9e en Coupe de France (\u00e9limin\u00e9 en \u00bc de finale face \u00e0 Rennes) est l\u2019h\u00f4te du jour. Le public a r\u00e9pondu pr\u00e9sent et assiste \u00e0 quelques beaux arr\u00eats du tr\u00e8s jeune gardien terrifortain, Ehlinger 18 ans, qui repousse toutes les occasions bastiaises jusqu\u2019\u00e0 la 40<sup>\u00e8me<\/sup> minute et cette frappe victorieuse de Schur. Nos Bleus doublent la mise dans les arr\u00eats de jeu de la premi\u00e8re mi-temps. Le break est fait. A l\u2019heure de jeu les visiteurs r\u00e9duisent la marque. Le doute s\u2019installe dans les trav\u00e9es avant qu\u2019une immense clameur ne retentisse. Ce n\u2019est pas la remise en jeu de Martin sur un 6 m\u00e8tres qui en est l\u2019origine, mais l\u2019annonce sur les r\u00e9seaux sociaux du score de la rencontre entre Sainte Genevi\u00e8ve et Sedan. Les banlieusards viennent de prendre l\u2019avantage et m\u00e8nent 2-1 \u00e0 la 78<sup>\u00e8me\u00a0<\/sup>!<\/p>\n<p>La rencontre \u00e0 Furiani se termine sur la victoire de nos Bleus et dans le m\u00eame temps Sedan est d\u00e9fait 3-1. Le coach avait raison\u00a0:\u00a0\u00ab\u00a0A l\u2019issue de cette journ\u00e9e, le Sporting passe devant Sedan\u00a0\u00bb\u00a0!<\/p>\n<p>Le r\u00e9sum\u00e9 de la rencontre\u00a0: <a href=\"https:\/\/www.sc-bastia.corsica\/bastia-2-1-belfort-le-resume-video\">https:\/\/www.sc-bastia.corsica\/bastia-2-1-belfort-le-resume-video<\/a><\/p>\n<p>Apr\u00e8s avoir compt\u00e9 jusqu\u2019\u00e0 9 points de retard au soir de la 14<sup>\u00e8me<\/sup> journ\u00e9e, le Sporting poss\u00e8de maintenant 3 points d\u2019avance sur les Sedanais. C\u2019est une chose que d\u2019avoir r\u00e9duit l\u2019\u00e9cart, d\u2019\u00eatre pass\u00e9s devant, il faut maintenant conserver cette premi\u00e8re place synonyme d\u2019accession.<\/p>\n<p>C\u2019est \u00e0 Drancy que nos Bleus \u00e9trennent leur costume de leader mais sans le coach malade rest\u00e9 \u00e0 Bastia. Dix minutes suffisent \u00e0 nos joueurs pour ouvrir la marque. 0-1 ce sera la marque \u00e0 la pause. En deuxi\u00e8me p\u00e9riode Drancy se montre beaucoup plus pressant mais Bocognano sur penalty donnera de l\u2019air \u00e0 ses partenaires (60<sup>\u00e8me<\/sup> 0-2) \u2026 pendant dix petites minutes et la r\u00e9duction du score de Tabet (69<sup>\u00e8me<\/sup>). Un groupe solide et solidaire contiendra les quelques vell\u00e9it\u00e9s des joueurs locaux.<\/p>\n<p>Le r\u00e9sum\u00e9 de la rencontre\u00a0: <a href=\"https:\/\/www.dailymotion.com\/video\/x7skqyc\">https:\/\/www.dailymotion.com\/video\/x7skqyc<\/a><\/p>\n<p>Nouvelle victoire bastiaise et nouveau nul de Sedan \u00e0 domicile, l\u2019\u00e9cart au soir de cette 21<sup>\u00e8me<\/sup> journ\u00e9e est de 5 points en faveur du Sporting.<\/p>\n<p><strong>FORZA BASTIA!\u00a0<\/strong><\/p>\n<div class=\"pvc_clear\"><\/div>\n<p id=\"pvc_stats_8749\" class=\"pvc_stats total_only  \" data-element-id=\"8749\" style=\"\"><i class=\"pvc-stats-icon small\" aria-hidden=\"true\"><svg xmlns=\"http:\/\/www.w3.org\/2000\/svg\" version=\"1.0\" viewBox=\"0 0 502 315\" preserveAspectRatio=\"xMidYMid meet\"><g transform=\"translate(0,332) scale(0.1,-0.1)\" fill=\"\" stroke=\"none\"><path d=\"M2394 3279 l-29 -30 -3 -207 c-2 -182 0 -211 15 -242 39 -76 157 -76 196 0 15 31 17 60 15 243 l-3 209 -33 29 c-26 23 -41 29 -80 29 -41 0 -53 -5 -78 -31z\"\/><path d=\"M3085 3251 c-45 -19 -58 -50 -96 -229 -47 -217 -49 -260 -13 -295 52 -53 146 -42 177 20 16 31 87 366 87 410 0 70 -86 122 -155 94z\"\/><path d=\"M1751 3234 c-13 -9 -29 -31 -37 -50 -12 -29 -10 -49 21 -204 19 -94 39 -189 45 -210 14 -50 54 -80 110 -80 34 0 48 6 76 34 21 21 34 44 34 59 0 14 -18 113 -40 219 -37 178 -43 195 -70 221 -36 32 -101 37 -139 11z\"\/><path d=\"M1163 3073 c-36 -7 -73 -59 -73 -102 0 -56 133 -378 171 -413 34 -32 83 -37 129 -13 70 36 67 87 -16 290 -86 209 -89 214 -129 231 -35 14 -42 15 -82 7z\"\/><path d=\"M3689 3066 c-15 -9 -33 -30 -42 -48 -48 -103 -147 -355 -147 -375 0 -98 131 -148 192 -74 13 15 57 108 97 206 80 196 84 226 37 273 -30 30 -99 39 -137 18z\"\/><path d=\"M583 2784 c-38 -19 -67 -74 -58 -113 9 -42 211 -354 242 -373 16 -10 45 -18 66 -18 51 0 107 52 107 100 0 39 -1 41 -124 234 -80 126 -108 162 -133 173 -41 17 -61 16 -100 -3z\"\/><path d=\"M4250 2784 c-14 -9 -74 -91 -133 -183 -95 -150 -107 -173 -107 -213 0 -55 33 -94 87 -104 67 -13 90 8 211 198 130 202 137 225 78 284 -27 27 -42 34 -72 34 -22 0 -50 -8 -64 -16z\"\/><path d=\"M2275 2693 c-553 -48 -1095 -270 -1585 -649 -135 -104 -459 -423 -483 -476 -23 -49 -22 -139 2 -186 73 -142 361 -457 571 -626 285 -228 642 -407 990 -497 242 -63 336 -73 660 -74 310 0 370 5 595 52 535 111 1045 392 1455 803 122 121 250 273 275 326 19 41 19 137 0 174 -41 79 -309 363 -465 492 -447 370 -946 591 -1479 653 -113 14 -422 18 -536 8z m395 -428 c171 -34 330 -124 456 -258 112 -119 167 -219 211 -378 27 -96 24 -300 -5 -401 -72 -255 -236 -447 -474 -557 -132 -62 -201 -76 -368 -76 -167 0 -236 14 -368 76 -213 98 -373 271 -451 485 -162 444 86 934 547 1084 153 49 292 57 452 25z m909 -232 c222 -123 408 -262 593 -441 76 -74 138 -139 138 -144 0 -16 -233 -242 -330 -319 -155 -123 -309 -223 -461 -299 l-81 -41 32 46 c18 26 49 83 70 128 143 306 141 649 -6 957 -25 52 -61 116 -79 142 l-34 47 45 -20 c26 -10 76 -36 113 -56z m-2057 25 c-40 -58 -105 -190 -130 -263 -110 -324 -59 -707 132 -981 25 -35 42 -64 37 -64 -19 0 -241 119 -326 174 -188 122 -406 314 -532 468 l-58 71 108 103 c185 178 428 349 672 473 66 33 121 60 123 61 2 0 -10 -19 -26 -42z\"\/><path d=\"M2375 1950 c-198 -44 -350 -190 -395 -379 -18 -76 -8 -221 19 -290 114 -284 457 -406 731 -260 98 52 188 154 231 260 27 69 37 214 19 290 -38 163 -166 304 -326 360 -67 23 -215 33 -279 19z\"\/><\/g><\/svg><\/i> <img loading=\"lazy\" decoding=\"async\" width=\"16\" height=\"16\" alt=\"Loading\" src=\"https:\/\/www.turchini75.com\/v1\/wp-content\/plugins\/page-views-count\/ajax-loader-2x.gif\" border=0 \/><\/p>\n<div class=\"pvc_clear\"><\/div>\n","protected":false},"excerpt":{"rendered":"<p>R\u00e9tro 2019-2020 5\u00e8me partie Deux recrues d\u00e9barquent \u00e0 Bastia dans les derniers jours du mercato d\u2019hiver\u00a0: Massir\u00e9 Kant\u00e9 un milieu de terrain arrive [&hellip;]<\/p>\n","protected":false},"author":2,"featured_media":8747,"comment_status":"open","ping_status":"closed","sticky":false,"template":"","format":"standard","meta":{"footnotes":""},"categories":[13],"tags":[857,856],"class_list":["post-8749","post","type-post","status-publish","format-standard","has-post-thumbnail","hentry","category-actualite","tag-retirer-un-terme-sc-bastia-retro-2019-2020-5eme-partie-sc-bastia-retro-2019-2020-5eme-partie","tag-sc-bastia-retro-2019-2020-5eme-partie"],"a3_pvc":{"activated":true,"total_views":39,"today_views":0},"amp_enabled":true,"_links":{"self":[{"href":"https:\/\/www.turchini75.com\/v1\/wp-json\/wp\/v2\/posts\/8749","targetHints":{"allow":["GET"]}}],"collection":[{"href":"https:\/\/www.turchini75.com\/v1\/wp-json\/wp\/v2\/posts"}],"about":[{"href":"https:\/\/www.turchini75.com\/v1\/wp-json\/wp\/v2\/types\/post"}],"author":[{"embeddable":true,"href":"https:\/\/www.turchini75.com\/v1\/wp-json\/wp\/v2\/users\/2"}],"replies":[{"embeddable":true,"href":"https:\/\/www.turchini75.com\/v1\/wp-json\/wp\/v2\/comments?post=8749"}],"version-history":[{"count":3,"href":"https:\/\/www.turchini75.com\/v1\/wp-json\/wp\/v2\/posts\/8749\/revisions"}],"predecessor-version":[{"id":9151,"href":"https:\/\/www.turchini75.com\/v1\/wp-json\/wp\/v2\/posts\/8749\/revisions\/9151"}],"wp:featuredmedia":[{"embeddable":true,"href":"https:\/\/www.turchini75.com\/v1\/wp-json\/wp\/v2\/media\/8747"}],"wp:attachment":[{"href":"https:\/\/www.turchini75.com\/v1\/wp-json\/wp\/v2\/media?parent=8749"}],"wp:term":[{"taxonomy":"category","embeddable":true,"href":"https:\/\/www.turchini75.com\/v1\/wp-json\/wp\/v2\/categories?post=8749"},{"taxonomy":"post_tag","embeddable":true,"href":"https:\/\/www.turchini75.com\/v1\/wp-json\/wp\/v2\/tags?post=8749"}],"curies":[{"name":"wp","href":"https:\/\/api.w.org\/{rel}","templated":true}]}}