{"id":8339,"date":"2019-09-13T18:23:52","date_gmt":"2019-09-13T16:23:52","guid":{"rendered":"https:\/\/www.turchini75.com\/v1\/?p=8339"},"modified":"2019-09-13T18:23:52","modified_gmt":"2019-09-13T16:23:52","slug":"asm-belfort-sc-bastia-le-rachat","status":"publish","type":"post","link":"https:\/\/www.turchini75.com\/v1\/2019\/09\/13\/asm-belfort-sc-bastia-le-rachat\/","title":{"rendered":"ASM Belfort &#8211; SC Bastia: Le rachat\u00a0?"},"content":{"rendered":"<p style=\"text-align: center;\"><strong>ASM Belfort &#8211; SC Bastia: Le rachat\u00a0?<\/strong><\/p>\n<p>Troisi\u00e8me d\u00e9placement de la saison pour nos Bleus ce week-end, et une nouvelle fois cap \u00e0 l\u2019est. Apr\u00e8s Mulhouse, apr\u00e8s Haguenau, c\u2019est \u00e0 Belfort que St\u00e9phane Rossi et sa troupe disputeront cette 6<sup>\u00e8me<\/sup> journ\u00e9e. Il y en aura au moins un qui ne sera pas d\u00e9pays\u00e9 c\u00f4t\u00e9 bastiais. En effet Steve Haguy a port\u00e9 le maillot Belfortain durant deux saisons (2015-2016 et 2016-2017) \u00e0 l\u2019\u00e9poque en N1. Pour le reste du groupe c\u2019est un voyage dans l\u2019inconnu\u2026<\/p>\n<p>Les joueurs d\u2019Anthony Hacquard le coach local ont termin\u00e9 le dernier championnat \u00e0 la 12<sup>\u00e8me<\/sup> place (sur 16) juste devant Bobigny et Haguenau. Cette saison Belfort occupe la 10<sup>\u00e8me<\/sup> place avec 5 points obtenus gr\u00e2ce \u00e0 1 victoire et deux nuls (2 d\u00e9faites). Huit buts marqu\u00e9s, sept encaiss\u00e9s le solde est donc positif d\u2019autant plus que cette \u00e9quipe belfortaine men\u00e9e deux fois \u00e0 domicile a fini par arracher deux r\u00e9sultats nuls dans les derni\u00e8res minutes de la rencontre. Invaincus lors de leurs 3 matchs \u00e0 domicile les hommes d\u2019Hacquard tenteront de le rester. Pour finir, notons la courte d\u00e9faite des hommes d\u2019Hacquard \u00e0 Sedan sur le score de 1-0.<\/p>\n<p>Pas de joueurs connus dans l\u2019effectif de Belfort, mais quelques uns pass\u00e9s par des centres de formation comme Loichot (Sochaux) Dago (Auxerre) ou Bekkouche (Nancy). Le reste du groupe est compos\u00e9 de joueurs ayant une grande exp\u00e9rience \u00e0 ce niveau comme Arisi qui encha\u00eene les saisons \u00e0 Belfort (en N1 et N2) ou encore Ranneaud pass\u00e9 par Lyon-Duch\u00e8re (N1 et N2) ou Brest (4 apparitions en L2).<\/p>\n<p>Apr\u00e8s le match tr\u00e8s moyen face \u00e0 Haguenau mais surtout apr\u00e8s la d\u00e9faite conc\u00e9d\u00e9e \u00e0 Furiani, nos Bleus doivent se reprendre. En conf\u00e9rence de presse apr\u00e8s la rencontre face \u00e0 Sedan, St\u00e9phane Rossi avait cibl\u00e9 les causes\u00a0de ce revers: Manque d\u2019impact, inefficacit\u00e9 dans les duels, notamment a\u00e9riens, manque d\u2019intensit\u00e9 et incapacit\u00e9 \u00e0 imposer notre rythme. Une semaine de travail dont les deux derni\u00e8res s\u00e9ances \u00e0 hui-clos, aura-t-elle suffit \u00e0 remettre le Sporting en ordre de marche\u00a0?<\/p>\n<p>Les erreurs individuelles en d\u00e9fense ont permis aux Sedanais de scorer sur leur seule frappe cadr\u00e9e. Apr\u00e8s celle face \u00e0 Haguenau qui avait elle aussi co\u00fbt\u00e9 un but, il faut retrouver l\u2019imperm\u00e9abilit\u00e9 qui \u00e9tait une de nos forces la saison derni\u00e8re. S\u2019il n\u2019y a pas p\u00e9ril en la demeure, il est primordial de reprendre la marche en avant afin de ne pas laisser se creuser les \u00e9carts.<\/p>\n<p>Il faudra \u00e9galement ma\u00eetriser ses nerfs, cinq de nos Bleus ayant d\u00e9j\u00e0 deux cartons jaunes et, m\u00eame si l\u2019infirmerie se vide petit \u00e0 petit tous les joueurs ne seront pas op\u00e9rationnels pour ce long d\u00e9placement et pour les suivants.<\/p>\n<p>Toutes les composantes du Club attendent une r\u00e9action de nos Turchini. Ce match \u00e0 Belfort sera-t-il celui du rachat\u00a0? Pour cela le coach a fait des choix forts\u00a0: Salles-Lamonge et Quemper, deux des recrues estivales, sortent du groupe pour laisser la place \u00e0 Diongue et Belle.<\/p>\n<p>Le groupe\u00a0: Martin-Lombard-Cioni-Bocognano-Le Cardinal-Guibert-Salis-Coulibaly-Moretti-Diongue-Vincent-Schur-Haguy-Etshimi-Belle-Ben Saada.<\/p>\n<p><strong>FORZA BASTIA!\u00a0<\/strong><\/p>\n<div class=\"pvc_clear\"><\/div>\n<p id=\"pvc_stats_8339\" class=\"pvc_stats total_only  \" data-element-id=\"8339\" style=\"\"><i class=\"pvc-stats-icon small\" aria-hidden=\"true\"><svg xmlns=\"http:\/\/www.w3.org\/2000\/svg\" version=\"1.0\" viewBox=\"0 0 502 315\" preserveAspectRatio=\"xMidYMid meet\"><g transform=\"translate(0,332) scale(0.1,-0.1)\" fill=\"\" stroke=\"none\"><path d=\"M2394 3279 l-29 -30 -3 -207 c-2 -182 0 -211 15 -242 39 -76 157 -76 196 0 15 31 17 60 15 243 l-3 209 -33 29 c-26 23 -41 29 -80 29 -41 0 -53 -5 -78 -31z\"\/><path d=\"M3085 3251 c-45 -19 -58 -50 -96 -229 -47 -217 -49 -260 -13 -295 52 -53 146 -42 177 20 16 31 87 366 87 410 0 70 -86 122 -155 94z\"\/><path d=\"M1751 3234 c-13 -9 -29 -31 -37 -50 -12 -29 -10 -49 21 -204 19 -94 39 -189 45 -210 14 -50 54 -80 110 -80 34 0 48 6 76 34 21 21 34 44 34 59 0 14 -18 113 -40 219 -37 178 -43 195 -70 221 -36 32 -101 37 -139 11z\"\/><path d=\"M1163 3073 c-36 -7 -73 -59 -73 -102 0 -56 133 -378 171 -413 34 -32 83 -37 129 -13 70 36 67 87 -16 290 -86 209 -89 214 -129 231 -35 14 -42 15 -82 7z\"\/><path d=\"M3689 3066 c-15 -9 -33 -30 -42 -48 -48 -103 -147 -355 -147 -375 0 -98 131 -148 192 -74 13 15 57 108 97 206 80 196 84 226 37 273 -30 30 -99 39 -137 18z\"\/><path d=\"M583 2784 c-38 -19 -67 -74 -58 -113 9 -42 211 -354 242 -373 16 -10 45 -18 66 -18 51 0 107 52 107 100 0 39 -1 41 -124 234 -80 126 -108 162 -133 173 -41 17 -61 16 -100 -3z\"\/><path d=\"M4250 2784 c-14 -9 -74 -91 -133 -183 -95 -150 -107 -173 -107 -213 0 -55 33 -94 87 -104 67 -13 90 8 211 198 130 202 137 225 78 284 -27 27 -42 34 -72 34 -22 0 -50 -8 -64 -16z\"\/><path d=\"M2275 2693 c-553 -48 -1095 -270 -1585 -649 -135 -104 -459 -423 -483 -476 -23 -49 -22 -139 2 -186 73 -142 361 -457 571 -626 285 -228 642 -407 990 -497 242 -63 336 -73 660 -74 310 0 370 5 595 52 535 111 1045 392 1455 803 122 121 250 273 275 326 19 41 19 137 0 174 -41 79 -309 363 -465 492 -447 370 -946 591 -1479 653 -113 14 -422 18 -536 8z m395 -428 c171 -34 330 -124 456 -258 112 -119 167 -219 211 -378 27 -96 24 -300 -5 -401 -72 -255 -236 -447 -474 -557 -132 -62 -201 -76 -368 -76 -167 0 -236 14 -368 76 -213 98 -373 271 -451 485 -162 444 86 934 547 1084 153 49 292 57 452 25z m909 -232 c222 -123 408 -262 593 -441 76 -74 138 -139 138 -144 0 -16 -233 -242 -330 -319 -155 -123 -309 -223 -461 -299 l-81 -41 32 46 c18 26 49 83 70 128 143 306 141 649 -6 957 -25 52 -61 116 -79 142 l-34 47 45 -20 c26 -10 76 -36 113 -56z m-2057 25 c-40 -58 -105 -190 -130 -263 -110 -324 -59 -707 132 -981 25 -35 42 -64 37 -64 -19 0 -241 119 -326 174 -188 122 -406 314 -532 468 l-58 71 108 103 c185 178 428 349 672 473 66 33 121 60 123 61 2 0 -10 -19 -26 -42z\"\/><path d=\"M2375 1950 c-198 -44 -350 -190 -395 -379 -18 -76 -8 -221 19 -290 114 -284 457 -406 731 -260 98 52 188 154 231 260 27 69 37 214 19 290 -38 163 -166 304 -326 360 -67 23 -215 33 -279 19z\"\/><\/g><\/svg><\/i> <img loading=\"lazy\" decoding=\"async\" width=\"16\" height=\"16\" alt=\"Loading\" src=\"https:\/\/www.turchini75.com\/v1\/wp-content\/plugins\/page-views-count\/ajax-loader-2x.gif\" border=0 \/><\/p>\n<div class=\"pvc_clear\"><\/div>\n","protected":false},"excerpt":{"rendered":"<p>ASM Belfort &#8211; SC Bastia: Le rachat\u00a0? Troisi\u00e8me d\u00e9placement de la saison pour nos Bleus ce week-end, et une nouvelle fois cap \u00e0 [&hellip;]<\/p>\n","protected":false},"author":2,"featured_media":8340,"comment_status":"open","ping_status":"open","sticky":false,"template":"","format":"standard","meta":{"footnotes":""},"categories":[13],"tags":[811],"class_list":["post-8339","post","type-post","status-publish","format-standard","has-post-thumbnail","hentry","category-actualite","tag-belfort-sc-bastia-foot-n2"],"a3_pvc":{"activated":true,"total_views":88,"today_views":0},"amp_enabled":true,"_links":{"self":[{"href":"https:\/\/www.turchini75.com\/v1\/wp-json\/wp\/v2\/posts\/8339","targetHints":{"allow":["GET"]}}],"collection":[{"href":"https:\/\/www.turchini75.com\/v1\/wp-json\/wp\/v2\/posts"}],"about":[{"href":"https:\/\/www.turchini75.com\/v1\/wp-json\/wp\/v2\/types\/post"}],"author":[{"embeddable":true,"href":"https:\/\/www.turchini75.com\/v1\/wp-json\/wp\/v2\/users\/2"}],"replies":[{"embeddable":true,"href":"https:\/\/www.turchini75.com\/v1\/wp-json\/wp\/v2\/comments?post=8339"}],"version-history":[{"count":1,"href":"https:\/\/www.turchini75.com\/v1\/wp-json\/wp\/v2\/posts\/8339\/revisions"}],"predecessor-version":[{"id":8341,"href":"https:\/\/www.turchini75.com\/v1\/wp-json\/wp\/v2\/posts\/8339\/revisions\/8341"}],"wp:featuredmedia":[{"embeddable":true,"href":"https:\/\/www.turchini75.com\/v1\/wp-json\/wp\/v2\/media\/8340"}],"wp:attachment":[{"href":"https:\/\/www.turchini75.com\/v1\/wp-json\/wp\/v2\/media?parent=8339"}],"wp:term":[{"taxonomy":"category","embeddable":true,"href":"https:\/\/www.turchini75.com\/v1\/wp-json\/wp\/v2\/categories?post=8339"},{"taxonomy":"post_tag","embeddable":true,"href":"https:\/\/www.turchini75.com\/v1\/wp-json\/wp\/v2\/tags?post=8339"}],"curies":[{"name":"wp","href":"https:\/\/api.w.org\/{rel}","templated":true}]}}