{"id":8234,"date":"2019-07-03T20:48:01","date_gmt":"2019-07-03T18:48:01","guid":{"rendered":"https:\/\/www.turchini75.com\/v1\/?p=8234"},"modified":"2019-07-03T20:48:08","modified_gmt":"2019-07-03T18:48:08","slug":"toujours-en-mission","status":"publish","type":"post","link":"https:\/\/www.turchini75.com\/v1\/2019\/07\/03\/toujours-en-mission\/","title":{"rendered":"Toujours en mission\u2026"},"content":{"rendered":"\n<p style=\"text-align:center\">Toujours en mission\u2026<\/p>\n\n\n\n<p>Les\nvacances scolaires n\u2019ont officiellement pas d\u00e9but\u00e9, mais c\u2019est d\u00e9j\u00e0 la reprise\npour les joueurs du Sporting. En effet ce matin avait lieu la premi\u00e8re prise de\ncontact \u00e0 l\u2019Igesa. St\u00e9phane Rossi a ensuite donn\u00e9 une conf\u00e9rence de presse au\nstade, et la journ\u00e9e s\u2019est achev\u00e9e par une toute premi\u00e8re s\u00e9ance \u00ab&nbsp;d\u2019entra\u00eenement&nbsp;\u00bb\n\u00e0 laquelle assistait une poign\u00e9e de supporters.<\/p>\n\n\n\n<p>Apr\u00e8s\ns\u2019\u00eatre entretenu avec son groupe, St\u00e9phane Rossi r\u00e9pondait aux questions des\njournalistes. L\u2019objectif affich\u00e9 est tout aussi limpide que celui de la saison\nderni\u00e8re, ce n\u2019est ni plus ni moins que l\u2019accession. Pour cela il a fallu recomposer\nun groupe qui a perdu quatre joueurs dont son meilleur buteur. Seulement quatre\njoueurs pourrions-nous dire car plusieurs ont \u00e9t\u00e9 courtis\u00e9s\u2026 C\u2019est une gageure que\nd\u2019avoir pu les conserver et cela montre bien que le projet du Sporting\nint\u00e9resse. \u00ab&nbsp;R\u00e9ussir son recrutement c\u2019est pouvoir garder ses pi\u00e8ces\nma\u00eetresses&nbsp;\u00bb dira le coach. En ce sens c\u2019est une belle r\u00e9ussite que l\u2019on\ndoit aux dirigeants.<\/p>\n\n\n\n<p>A ce\njour sept nouveaux joueurs ont d\u2019ores et d\u00e9j\u00e0 sign\u00e9, le staff se r\u00e9servant la\npossibilit\u00e9 d\u2019en recruter un ou deux de plus si les circonstances l\u2019exigent.\nLes recrues l\u2019ont \u00e9t\u00e9 pour leur valeur technique et pour leur \u00e9tat d\u2019esprit.\nElles ont toutes \u00e9volu\u00e9 \u00e0 un niveau au moins \u00e9gal au championnat de N2. 22\njoueurs \u00e0 l\u2019heure actuelle, il faudra \u00ab&nbsp;se battre&nbsp;\u00bb pour \u00eatre dans le\ngroupe retenu\u2026 <\/p>\n\n\n\n<p>(La\nconf\u00e9rence de presse&nbsp;: <a href=\"http:\/\/www.sc-bastia.corsica\/actualites\/2019-2020\/prima-squadra\/premiere-conference-de-presse-de-la-saison-pour-s-rossi\">http:\/\/www.sc-bastia.corsica\/actualites\/2019-2020\/prima-squadra\/premiere-conference-de-presse-de-la-saison-pour-s-rossi<\/a>\n)<\/p>\n\n\n\n<p>Apr\u00e8s\nune reprise \u00ab&nbsp;en douceur&nbsp;\u00bb, les choses s\u00e9rieuses vont vraiment\nd\u00e9buter d\u00e8s dimanche avec deux s\u00e9ances par jour, et cela pendant deux semaines\nau terme desquelles sera disput\u00e9 le premier match de pr\u00e9paration face au Gaz. <\/p>\n\n\n\n<p>Pour\nce premier entra\u00eenement de la saison tout l\u2019effectif est pr\u00e9sent hormis Patrick\nEtshimi qui n\u2019arrivera qu\u2019en fin de semaine. Trois jeunes U19 ont \u00e9t\u00e9 invit\u00e9s. &nbsp;<\/p>\n\n\n\n<p>Quelques\ncurieux auront assist\u00e9 aux courses et autres exercices balle aux pieds pendant\npr\u00e8s d\u2019une heure trente. Comme cela a \u00e9t\u00e9 pr\u00e9cis\u00e9 par le coach lors de la\nconf\u00e9rence de presse, jusqu\u2019\u00e0 la fin de semaine les s\u00e9ances seront consacr\u00e9s\naux divers tests m\u00e9dicaux et physiques tout autant qu\u2019\u00e0 la pr\u00e9paration elle-m\u00eame.<\/p>\n\n\n\n<p>(La\npremi\u00e8re s\u00e9ance d\u2019entra\u00eenement&nbsp;: <a href=\"http:\/\/www.sc-bastia.corsica\/actualites\/2019-2020\/prima-squadra\/u-primu-intrenamentu-di-priparazione-video\">http:\/\/www.sc-bastia.corsica\/actualites\/2019-2020\/prima-squadra\/u-primu-intrenamentu-di-priparazione-video<\/a>\n)<\/p>\n\n\n\n<p><strong>Gardiens&nbsp;:<\/strong><\/p>\n\n\n\n<p>Anthony Martins, S\u00e9bastien Lombard et Jean-Louis Carlotti, Th\u00e9o Bazzali\n(U19), Lucas Abreu (U19)<\/p>\n\n\n\n<p><strong>D\u00e9fenseurs :<\/strong><\/p>\n\n\n\n<p>Gilles Cioni, Anthony Salis, Yohan Bocognano, Samuel\nGuibert,&nbsp;Julien Le Cardinal<\/p>\n\n\n\n<p><strong>Milieux de terrain :<\/strong><\/p>\n\n\n\n<p>Gary Coulibaly, Michel Moretti, Christophe Vincent, S\u00e9bastien\nSalles-Lamonge, Maguette Diongue, Stephen Quemper, Lisandru Piercecchi, Joseph\nVittori (U19)<\/p>\n\n\n\n<p><strong>Attaquants :<\/strong><\/p>\n\n\n\n<p>Naoufal Mesbah, Francescu Massoni, K\u00e9vin Schur, Steve Haguy, Sofiane\nBelle, Yoann Kherbache<\/p>\n\n\n\n<p><strong>FORZA BASTIA!&nbsp;<\/strong><\/p>\n<div class=\"pvc_clear\"><\/div><p id=\"pvc_stats_8234\" class=\"pvc_stats total_only  \" data-element-id=\"8234\" style=\"\"><i class=\"pvc-stats-icon small\" aria-hidden=\"true\"><svg xmlns=\"http:\/\/www.w3.org\/2000\/svg\" version=\"1.0\" viewBox=\"0 0 502 315\" preserveAspectRatio=\"xMidYMid meet\"><g transform=\"translate(0,332) scale(0.1,-0.1)\" fill=\"\" stroke=\"none\"><path d=\"M2394 3279 l-29 -30 -3 -207 c-2 -182 0 -211 15 -242 39 -76 157 -76 196 0 15 31 17 60 15 243 l-3 209 -33 29 c-26 23 -41 29 -80 29 -41 0 -53 -5 -78 -31z\"\/><path d=\"M3085 3251 c-45 -19 -58 -50 -96 -229 -47 -217 -49 -260 -13 -295 52 -53 146 -42 177 20 16 31 87 366 87 410 0 70 -86 122 -155 94z\"\/><path d=\"M1751 3234 c-13 -9 -29 -31 -37 -50 -12 -29 -10 -49 21 -204 19 -94 39 -189 45 -210 14 -50 54 -80 110 -80 34 0 48 6 76 34 21 21 34 44 34 59 0 14 -18 113 -40 219 -37 178 -43 195 -70 221 -36 32 -101 37 -139 11z\"\/><path d=\"M1163 3073 c-36 -7 -73 -59 -73 -102 0 -56 133 -378 171 -413 34 -32 83 -37 129 -13 70 36 67 87 -16 290 -86 209 -89 214 -129 231 -35 14 -42 15 -82 7z\"\/><path d=\"M3689 3066 c-15 -9 -33 -30 -42 -48 -48 -103 -147 -355 -147 -375 0 -98 131 -148 192 -74 13 15 57 108 97 206 80 196 84 226 37 273 -30 30 -99 39 -137 18z\"\/><path d=\"M583 2784 c-38 -19 -67 -74 -58 -113 9 -42 211 -354 242 -373 16 -10 45 -18 66 -18 51 0 107 52 107 100 0 39 -1 41 -124 234 -80 126 -108 162 -133 173 -41 17 -61 16 -100 -3z\"\/><path d=\"M4250 2784 c-14 -9 -74 -91 -133 -183 -95 -150 -107 -173 -107 -213 0 -55 33 -94 87 -104 67 -13 90 8 211 198 130 202 137 225 78 284 -27 27 -42 34 -72 34 -22 0 -50 -8 -64 -16z\"\/><path d=\"M2275 2693 c-553 -48 -1095 -270 -1585 -649 -135 -104 -459 -423 -483 -476 -23 -49 -22 -139 2 -186 73 -142 361 -457 571 -626 285 -228 642 -407 990 -497 242 -63 336 -73 660 -74 310 0 370 5 595 52 535 111 1045 392 1455 803 122 121 250 273 275 326 19 41 19 137 0 174 -41 79 -309 363 -465 492 -447 370 -946 591 -1479 653 -113 14 -422 18 -536 8z m395 -428 c171 -34 330 -124 456 -258 112 -119 167 -219 211 -378 27 -96 24 -300 -5 -401 -72 -255 -236 -447 -474 -557 -132 -62 -201 -76 -368 -76 -167 0 -236 14 -368 76 -213 98 -373 271 -451 485 -162 444 86 934 547 1084 153 49 292 57 452 25z m909 -232 c222 -123 408 -262 593 -441 76 -74 138 -139 138 -144 0 -16 -233 -242 -330 -319 -155 -123 -309 -223 -461 -299 l-81 -41 32 46 c18 26 49 83 70 128 143 306 141 649 -6 957 -25 52 -61 116 -79 142 l-34 47 45 -20 c26 -10 76 -36 113 -56z m-2057 25 c-40 -58 -105 -190 -130 -263 -110 -324 -59 -707 132 -981 25 -35 42 -64 37 -64 -19 0 -241 119 -326 174 -188 122 -406 314 -532 468 l-58 71 108 103 c185 178 428 349 672 473 66 33 121 60 123 61 2 0 -10 -19 -26 -42z\"\/><path d=\"M2375 1950 c-198 -44 -350 -190 -395 -379 -18 -76 -8 -221 19 -290 114 -284 457 -406 731 -260 98 52 188 154 231 260 27 69 37 214 19 290 -38 163 -166 304 -326 360 -67 23 -215 33 -279 19z\"\/><\/g><\/svg><\/i> <img loading=\"lazy\" decoding=\"async\" width=\"16\" height=\"16\" alt=\"Loading\" src=\"https:\/\/www.turchini75.com\/v1\/wp-content\/plugins\/page-views-count\/ajax-loader-2x.gif\" border=0 \/><\/p><div class=\"pvc_clear\"><\/div>","protected":false},"excerpt":{"rendered":"<p>Toujours en mission\u2026 Les vacances scolaires n\u2019ont officiellement pas d\u00e9but\u00e9, mais c\u2019est d\u00e9j\u00e0 la reprise pour les joueurs du Sporting. En effet ce [&hellip;]<\/p>\n","protected":false},"author":2,"featured_media":8235,"comment_status":"open","ping_status":"open","sticky":false,"template":"","format":"standard","meta":{"footnotes":""},"categories":[13],"tags":[],"class_list":["post-8234","post","type-post","status-publish","format-standard","has-post-thumbnail","hentry","category-actualite"],"a3_pvc":{"activated":true,"total_views":275,"today_views":0},"amp_enabled":true,"_links":{"self":[{"href":"https:\/\/www.turchini75.com\/v1\/wp-json\/wp\/v2\/posts\/8234","targetHints":{"allow":["GET"]}}],"collection":[{"href":"https:\/\/www.turchini75.com\/v1\/wp-json\/wp\/v2\/posts"}],"about":[{"href":"https:\/\/www.turchini75.com\/v1\/wp-json\/wp\/v2\/types\/post"}],"author":[{"embeddable":true,"href":"https:\/\/www.turchini75.com\/v1\/wp-json\/wp\/v2\/users\/2"}],"replies":[{"embeddable":true,"href":"https:\/\/www.turchini75.com\/v1\/wp-json\/wp\/v2\/comments?post=8234"}],"version-history":[{"count":1,"href":"https:\/\/www.turchini75.com\/v1\/wp-json\/wp\/v2\/posts\/8234\/revisions"}],"predecessor-version":[{"id":8236,"href":"https:\/\/www.turchini75.com\/v1\/wp-json\/wp\/v2\/posts\/8234\/revisions\/8236"}],"wp:featuredmedia":[{"embeddable":true,"href":"https:\/\/www.turchini75.com\/v1\/wp-json\/wp\/v2\/media\/8235"}],"wp:attachment":[{"href":"https:\/\/www.turchini75.com\/v1\/wp-json\/wp\/v2\/media?parent=8234"}],"wp:term":[{"taxonomy":"category","embeddable":true,"href":"https:\/\/www.turchini75.com\/v1\/wp-json\/wp\/v2\/categories?post=8234"},{"taxonomy":"post_tag","embeddable":true,"href":"https:\/\/www.turchini75.com\/v1\/wp-json\/wp\/v2\/tags?post=8234"}],"curies":[{"name":"wp","href":"https:\/\/api.w.org\/{rel}","templated":true}]}}