{"id":8223,"date":"2019-06-21T15:50:22","date_gmt":"2019-06-21T13:50:22","guid":{"rendered":"https:\/\/www.turchini75.com\/v1\/?p=8223"},"modified":"2020-02-04T16:25:39","modified_gmt":"2020-02-04T15:25:39","slug":"compte-rendu-ag-2018-2019","status":"publish","type":"post","link":"https:\/\/www.turchini75.com\/v1\/2019\/06\/21\/compte-rendu-ag-2018-2019\/","title":{"rendered":"COMPTE RENDU AG 2018-2019"},"content":{"rendered":"\r\n<p style=\"text-align: center;\"><strong>COMPTE RENDU AG DU 14 JUIN 2019<\/strong><\/p>\r\n\r\n\r\n\r\n<p>Le Club des Supporters du SC Bastia \u00e0 Paris a tenu son Assembl\u00e9e G\u00e9n\u00e9rale ordinaire le vendredi 14\u00a0 juin 2019 en son si\u00e8ge \u00ab\u00a0Le Wagon Bleu\u00bb, 7 Rue Boursault, 75017 Paris.<\/p>\r\n\r\n\r\n\r\n<p>Le Pr\u00e9sident ouvre la s\u00e9ance \u00e0 20 heures et dresse un court bilan de la saison \u00e9coul\u00e9e marqu\u00e9e comme le pr\u00e9c\u00e9dent exercice par aucun d\u00e9placement.<\/p>\r\n\r\n\r\n\r\n<p>Il remercie les personnes pr\u00e9sentes, les membres du Comit\u00e9 Directeur pour leur investissement et M. Gr\u00e9goire Bouret Felce g\u00e9rant du Wagon-Bleu qui nous accueille tout au long de l\u2019ann\u00e9e lors de nos r\u00e9union, ou pour assister aux rencontres du Sporting sur grand \u00e9cran.<\/p>\r\n\r\n\r\n\r\n<p>Avec l\u2019accession au National 2, le Club des supporters du Sporting \u00e0 Paris devrait \u00e0 nouveau organiser des d\u00e9placements. Ils se feront soit par mini-bus, soit par v\u00e9hicules priv\u00e9s. Les adh\u00e9rents resteront prioritaires lors des inscriptions.<\/p>\r\n\r\n\r\n\r\n<p>Etait pr\u00e9sent lors de la soir\u00e9e M. Johan Luiggi, Membre du Conseil d\u2019Administration de l\u2019association\u00a0 Sporting Club Bastiais. Au cours d\u2019un bref expos\u00e9, M. Luiggi a pr\u00e9sent\u00e9 les derni\u00e8res orientations du club bastiais.\u00a0<\/p>\r\n\r\n\r\n\r\n<p>Le Tr\u00e9sorier dresse le bilan financier de la saison tout en annon\u00e7ant un solde inf\u00e9rieur par rapport aux pr\u00e9c\u00e9dents exercices. Cette faible tr\u00e9sorerie du compte courant r\u00e9sulte de la baisse pr\u00e9vue du nombre des adh\u00e9rents et du prix des cotisations annuelles.<\/p>\r\n\r\n\r\n\r\n<p>Aucune r\u00e9serve n\u2019\u00e9tant port\u00e9e, le bilan financier est approuv\u00e9 \u00e0 l\u2019unanimit\u00e9 de l\u2019assembl\u00e9e.<\/p>\r\n\r\n\r\n\r\n<p><strong>Informations diverses\u00a0:<\/strong><\/p>\r\n\r\n\r\n\r\n<p><strong>&#8211; <\/strong>Le montant des cotisations pour la saison 2019 \u2013 2020 reste inchang\u00e9 et approuv\u00e9 par l&rsquo;ensemble de l&rsquo;Assembl\u00e9e.<\/p>\r\n\r\n\r\n\r\n<p>&#8211; Le Wagon Bleu continuera de proposer, quand les conditions le permettront, des retransmissions sur \u00e9cran g\u00e9ant.<\/p>\r\n\r\n\r\n\r\n<p><strong>Comit\u00e9 Directeur de la saison 2019\/2020 :<\/strong><\/p>\r\n\r\n\r\n\r\n<p>&#8211; Pr\u00e9sident d\u2019honneur\u00a0:\u00a0\u00a0\u00a0\u00a0\u00a0\u00a0\u00a0\u00a0\u00a0Joseph Bonavita<\/p>\r\n\r\n\r\n\r\n<p>&#8211; Pr\u00e9sident :\u00a0 \u00a0 \u00a0 \u00a0 \u00a0 \u00a0 \u00a0 \u00a0 \u00a0 \u00a0 \u00a0 \u00a0 \u00a0Pierre Vinciguerra<\/p>\r\n\r\n\r\n\r\n<p>&#8211; Vice-Pr\u00e9sident :\u00a0 \u00a0 \u00a0 \u00a0 \u00a0 \u00a0 \u00a0 \u00a0 \u00a0 Michel Fuster<\/p>\r\n\r\n\r\n\r\n<p>&#8211; Tr\u00e9sorier G\u00e9n\u00e9ral :\u00a0 \u00a0 \u00a0 \u00a0 \u00a0 \u00a0 \u00a0 Jean No\u00ebl Bur\u00e9si<\/p>\r\n\r\n\r\n\r\n<p>&#8211; Secr\u00e9taire G\u00e9n\u00e9ral:\u00a0 \u00a0 \u00a0 \u00a0 \u00a0 \u00a0 \u00a0Yves Leclerc<\/p>\r\n\r\n\r\n\r\n<p>&#8211; Membre du Comit\u00e9 Directeur\u00a0: Marie Caroline Astolfi<\/p>\r\n\r\n\r\n\r\n<p>&#8211; Membre du Conseil d&rsquo;Administration\u00a0:<\/p>\r\n\r\n\r\n\r\n<ul class=\"wp-block-list\">\r\n<li>Jean Baptiste Astolfi\r\n<ul>\r\n<li>Christian Blasini<\/li>\r\n<\/ul>\r\n<ul>\r\n<li>Jean Marc Pannier Martini<\/li>\r\n<\/ul>\r\n<ul>\r\n<li>Gr\u00e9goire Bouret Felce<\/li>\r\n<\/ul>\r\n<ul>\r\n<li>Pierre Perinetti<\/li>\r\n<\/ul>\r\n<\/li>\r\n<\/ul>\r\n\r\n\r\n\r\n<p>L\u2019ordre du jour \u00e9tant \u00e9puis\u00e9, le Pr\u00e9sident remercie encore les participants \u00e0 cette assembl\u00e9e g\u00e9n\u00e9rale et leur souhaite de bonnes vacances.<\/p>\r\n\r\n\r\n\r\n<p>La s\u00e9ance est lev\u00e9e \u00e0 21 heures 30.<\/p>\r\n<div class=\"pvc_clear\"><\/div><p id=\"pvc_stats_8223\" class=\"pvc_stats total_only  \" data-element-id=\"8223\" style=\"\"><i class=\"pvc-stats-icon small\" aria-hidden=\"true\"><svg xmlns=\"http:\/\/www.w3.org\/2000\/svg\" version=\"1.0\" viewBox=\"0 0 502 315\" preserveAspectRatio=\"xMidYMid meet\"><g transform=\"translate(0,332) scale(0.1,-0.1)\" fill=\"\" stroke=\"none\"><path d=\"M2394 3279 l-29 -30 -3 -207 c-2 -182 0 -211 15 -242 39 -76 157 -76 196 0 15 31 17 60 15 243 l-3 209 -33 29 c-26 23 -41 29 -80 29 -41 0 -53 -5 -78 -31z\"\/><path d=\"M3085 3251 c-45 -19 -58 -50 -96 -229 -47 -217 -49 -260 -13 -295 52 -53 146 -42 177 20 16 31 87 366 87 410 0 70 -86 122 -155 94z\"\/><path d=\"M1751 3234 c-13 -9 -29 -31 -37 -50 -12 -29 -10 -49 21 -204 19 -94 39 -189 45 -210 14 -50 54 -80 110 -80 34 0 48 6 76 34 21 21 34 44 34 59 0 14 -18 113 -40 219 -37 178 -43 195 -70 221 -36 32 -101 37 -139 11z\"\/><path d=\"M1163 3073 c-36 -7 -73 -59 -73 -102 0 -56 133 -378 171 -413 34 -32 83 -37 129 -13 70 36 67 87 -16 290 -86 209 -89 214 -129 231 -35 14 -42 15 -82 7z\"\/><path d=\"M3689 3066 c-15 -9 -33 -30 -42 -48 -48 -103 -147 -355 -147 -375 0 -98 131 -148 192 -74 13 15 57 108 97 206 80 196 84 226 37 273 -30 30 -99 39 -137 18z\"\/><path d=\"M583 2784 c-38 -19 -67 -74 -58 -113 9 -42 211 -354 242 -373 16 -10 45 -18 66 -18 51 0 107 52 107 100 0 39 -1 41 -124 234 -80 126 -108 162 -133 173 -41 17 -61 16 -100 -3z\"\/><path d=\"M4250 2784 c-14 -9 -74 -91 -133 -183 -95 -150 -107 -173 -107 -213 0 -55 33 -94 87 -104 67 -13 90 8 211 198 130 202 137 225 78 284 -27 27 -42 34 -72 34 -22 0 -50 -8 -64 -16z\"\/><path d=\"M2275 2693 c-553 -48 -1095 -270 -1585 -649 -135 -104 -459 -423 -483 -476 -23 -49 -22 -139 2 -186 73 -142 361 -457 571 -626 285 -228 642 -407 990 -497 242 -63 336 -73 660 -74 310 0 370 5 595 52 535 111 1045 392 1455 803 122 121 250 273 275 326 19 41 19 137 0 174 -41 79 -309 363 -465 492 -447 370 -946 591 -1479 653 -113 14 -422 18 -536 8z m395 -428 c171 -34 330 -124 456 -258 112 -119 167 -219 211 -378 27 -96 24 -300 -5 -401 -72 -255 -236 -447 -474 -557 -132 -62 -201 -76 -368 -76 -167 0 -236 14 -368 76 -213 98 -373 271 -451 485 -162 444 86 934 547 1084 153 49 292 57 452 25z m909 -232 c222 -123 408 -262 593 -441 76 -74 138 -139 138 -144 0 -16 -233 -242 -330 -319 -155 -123 -309 -223 -461 -299 l-81 -41 32 46 c18 26 49 83 70 128 143 306 141 649 -6 957 -25 52 -61 116 -79 142 l-34 47 45 -20 c26 -10 76 -36 113 -56z m-2057 25 c-40 -58 -105 -190 -130 -263 -110 -324 -59 -707 132 -981 25 -35 42 -64 37 -64 -19 0 -241 119 -326 174 -188 122 -406 314 -532 468 l-58 71 108 103 c185 178 428 349 672 473 66 33 121 60 123 61 2 0 -10 -19 -26 -42z\"\/><path d=\"M2375 1950 c-198 -44 -350 -190 -395 -379 -18 -76 -8 -221 19 -290 114 -284 457 -406 731 -260 98 52 188 154 231 260 27 69 37 214 19 290 -38 163 -166 304 -326 360 -67 23 -215 33 -279 19z\"\/><\/g><\/svg><\/i> <img loading=\"lazy\" decoding=\"async\" width=\"16\" height=\"16\" alt=\"Loading\" src=\"https:\/\/www.turchini75.com\/v1\/wp-content\/plugins\/page-views-count\/ajax-loader-2x.gif\" border=0 \/><\/p><div class=\"pvc_clear\"><\/div>","protected":false},"excerpt":{"rendered":"<p>COMPTE RENDU AG DU 14 JUIN 2019 Le Club des Supporters du SC Bastia \u00e0 Paris a tenu son Assembl\u00e9e G\u00e9n\u00e9rale ordinaire le [&hellip;]<\/p>\n","protected":false},"author":2,"featured_media":8224,"comment_status":"open","ping_status":"open","sticky":false,"template":"","format":"standard","meta":{"footnotes":""},"categories":[65,13],"tags":[801],"class_list":["post-8223","post","type-post","status-publish","format-standard","has-post-thumbnail","hentry","category-historique-des-ag","category-actualite","tag-assemblee-generale-2018-2019-club-supporters-bastia-a-paris"],"a3_pvc":{"activated":true,"total_views":161,"today_views":0},"amp_enabled":true,"_links":{"self":[{"href":"https:\/\/www.turchini75.com\/v1\/wp-json\/wp\/v2\/posts\/8223","targetHints":{"allow":["GET"]}}],"collection":[{"href":"https:\/\/www.turchini75.com\/v1\/wp-json\/wp\/v2\/posts"}],"about":[{"href":"https:\/\/www.turchini75.com\/v1\/wp-json\/wp\/v2\/types\/post"}],"author":[{"embeddable":true,"href":"https:\/\/www.turchini75.com\/v1\/wp-json\/wp\/v2\/users\/2"}],"replies":[{"embeddable":true,"href":"https:\/\/www.turchini75.com\/v1\/wp-json\/wp\/v2\/comments?post=8223"}],"version-history":[{"count":5,"href":"https:\/\/www.turchini75.com\/v1\/wp-json\/wp\/v2\/posts\/8223\/revisions"}],"predecessor-version":[{"id":8598,"href":"https:\/\/www.turchini75.com\/v1\/wp-json\/wp\/v2\/posts\/8223\/revisions\/8598"}],"wp:featuredmedia":[{"embeddable":true,"href":"https:\/\/www.turchini75.com\/v1\/wp-json\/wp\/v2\/media\/8224"}],"wp:attachment":[{"href":"https:\/\/www.turchini75.com\/v1\/wp-json\/wp\/v2\/media?parent=8223"}],"wp:term":[{"taxonomy":"category","embeddable":true,"href":"https:\/\/www.turchini75.com\/v1\/wp-json\/wp\/v2\/categories?post=8223"},{"taxonomy":"post_tag","embeddable":true,"href":"https:\/\/www.turchini75.com\/v1\/wp-json\/wp\/v2\/tags?post=8223"}],"curies":[{"name":"wp","href":"https:\/\/api.w.org\/{rel}","templated":true}]}}