{"id":7599,"date":"2018-06-11T09:32:45","date_gmt":"2018-06-11T07:32:45","guid":{"rendered":"http:\/\/www.turchini75.com\/v1\/?p=7599"},"modified":"2019-06-26T18:02:10","modified_gmt":"2019-06-26T16:02:10","slug":"assemblee-generale-du-8-juin-2018","status":"publish","type":"post","link":"https:\/\/www.turchini75.com\/v1\/2018\/06\/11\/assemblee-generale-du-8-juin-2018\/","title":{"rendered":"Assembl\u00e9e G\u00e9n\u00e9rale 2017-2018."},"content":{"rendered":"<p>Compte rendu AG du 8 Juin 2018 .<\/p>\n<p>C\u2019est dans une ambiance tr\u00e8s intime\u00a0 qu\u2019a eu lieu cette assembl\u00e9e g\u00e9nerale au Wagon Bleu si\u00e8ge de Turchini 75.<br \/>\nLe Pr\u00e9sident a fait un rapide bilan , en rappelant que cette ann\u00e9e \u00e9tait particuli\u00e8re, les \u00ab Parisiens \u00ab \u00e9tant pour la premi\u00e8re fois priv\u00e9s de d\u00e9placements .<br \/>\nIl en a profit\u00e9 pour rappeler que malgr\u00e9 les circonstances , l\u2019Association continuerait d\u2019exister en attendant des jours meilleurs.<br \/>\nLe tr\u00e9sorier dans son bilan financier nous a expliqu\u00e9 qu\u2019il y a eu une perte d\u2019environ 400 \u20ac cette ann\u00e9e en raison notamment du peu d\u2019adh\u00e9sions enregistr\u00e9es .<br \/>\nIl a \u00e9t\u00e9 d\u00e9cid\u00e9 de maintenir une adh\u00e9sion unique de 20 \u20ac pour la prochaine saison , afin de permettre le bon fonctionnement de l\u2019association .<br \/>\nDe fait une meilleure organisation se mettra en place notamment dans l\u2019envoi des courriers .<br \/>\nLe Pr\u00e9sident et le bureau tiennent \u00e0 remercier chaleureusement toutes les personnes qui ont manifest\u00e9 leur soutien, ainsi qu\u2019\u00e0 Gr\u00e9goire et son personnel pour leur gentillesse.<br \/>\nNous vous souhaitons \u00e0 toutes et \u00e0 tous d\u2019excellentes vacances .<\/p>\n<p>FORZA BASTIA !!<\/p>\n<p><strong><u>Le mot du Pr\u00e9sident<\/u><\/strong><\/p>\n<p>Le 7 juin 2018<\/p>\n<p><strong>Un manque de temps et de pr\u00e9paration &#8230;<\/strong><\/p>\n<p><strong>\u00a0 \u00a0 \u00a0 \u00a0<\/strong><\/p>\n<p>En terminant \u00e0 la deuxi\u00e8me place de son groupe, \u00e0 deux petits points de l&rsquo;US Marseille Endoume, le Sporting Club Bastiais n&rsquo;acc\u00e8dera pas cette ann\u00e9e au National 2. L&rsquo;\u00e9quipe a laiss\u00e9 filer au cours d&rsquo;une saison atypique quelques points pr\u00e9cieux, notamment \u00e0 domicile. Toute petite consolation, les Bastiais terminent avec la meilleure d\u00e9fense et la meilleure diff\u00e9rence de buts. La d\u00e9ception est grande, l&rsquo;objectif avou\u00e9 du d\u00e9but de saison n&rsquo;est donc pas atteint.<\/p>\n<p>La principale cause de cet \u00e9chec est principalement due au manque de pr\u00e9paration. La r\u00e9trogation administrative a \u00e9t\u00e9 v\u00e9cue, par tous, comme un v\u00e9ritable cataclysme. De plus, la mise en place d&rsquo;un nouveau mod\u00e8le d&rsquo;organisation calqu\u00e9 sur le football amateur au sein de l&rsquo;\u00e9quipe dirigeante, a aussi grandement p\u00e9nalis\u00e9 l&rsquo;ensemble. La F\u00e9d\u00e9ration Fran\u00e7aise de Football a m\u00eame d\u00fb reporter les trois premi\u00e8res rencontres de championnat pour permettre au club de s&rsquo;organiser. Autre fait marquant, au cours de la premi\u00e8re rencontre officielle de la saison, le Sporting ne comptabilisait qu&rsquo;une petite quinzaine de joueurs dans son effectif. Le temps et surtout une bonne pr\u00e9paration physique ont donc finalement manqu\u00e9 pour atteindre l&rsquo;objectif avou\u00e9 de finir premier du groupe.<\/p>\n<p>L&rsquo;\u00e9t\u00e9 dernier, une nouvelle \u00e9quipe dirigeante a permis au club de red\u00e9marrer et de poursuivre l&rsquo;aventure. C&rsquo;\u00e9tait pas facile tant le club allait de Charybde en Scylla, et tous les jours, par voies de presse, de nouveaux manquements \u00e9taient d\u00e9voil\u00e9s. On ne comptait plus alors les impay\u00e9s, quant au d\u00e9ficit, il ne cessait d&rsquo;augmenter au fil des jours. Nous \u00e9tions une nouvelle fois (\u2026) en plein psychodrame. \u00ab\u00a0On n&rsquo;est jamais trahi que par les siens\u00a0\u00bb, cet adage prenait l\u00e0 encore tout son sens.<\/p>\n<p>Apr\u00e8s avoir fait table rase, notre club a pu repartir. Tout cela gr\u00e2ce \u00e0 Claude Ferrandi et Pierre-No\u00ebl Luiggi qui se sont investis personnellement et financi\u00e8rement. Sans eux, le club aurait \u00e9t\u00e9 irr\u00e9m\u00e9diablement comdamn\u00e9 et ray\u00e9 de la carte. St\u00e9phane Rossi qui vient d&rsquo;\u00eatre reconduit comme entra\u00eeneur, sera \u00e9paul\u00e9 par\u00a0 Fr\u00e9d\u00e9ric N\u00e9e en provenance de l&rsquo;Etoile Filante Bastiaise. Le natif de Bastia qui avait propuls\u00e9 le CA Bastia en Ligue 2 en 2013, aura maintenant toutes les cartes en main pour pr\u00e9parer la nouvelle saison. Il aura cette fois-ci tout le temps n\u00e9cessaire pour \u00e9chafauder un v\u00e9ritable groupe. Des \u00e9l\u00e9ments plus exp\u00e9riment\u00e9s, bien aguerris aux joutes du football amateur, int\u00e8greront tr\u00e8s prochainement son effectif.<\/p>\n<p>Comme beaucoup d&rsquo;entre vous qui ont v\u00e9cu les d\u00e9buts du Sporting dans le monde professionnel, j&rsquo;ai appris avec beaucoup de tristesse la disparition le 31 mai dernier \u00e0 l&rsquo;\u00e2ge de 82 ans d&rsquo;Etienne Sansonnetti. Premier grand attaquant du Sporting, figure embl\u00e9matique du football corse, \u00ab\u00a0Sanso\u00a0\u00bb, comme on l&rsquo;aimait \u00e0 l&rsquo;appeler, avait termin\u00e9 en 1967 meilleur buteur de Deuxi\u00e8me Division. V\u00e9ritable idole d&rsquo;Armand Cesari, il laissera le souvenir d&rsquo;un joueur \u00e0 l&rsquo;esprit exemplaire et tr\u00e8s attach\u00e9 \u00e0 ses racines insulaires.<\/p>\n<p>En attendant la reprise de l&rsquo;entra\u00eenement d\u00e9cr\u00e9t\u00e9e le 9 juillet, je vous adresse comme \u00e0 chaque fois toute ma reconnaissance pour le soutien que vous apportez \u00e0 notre association, et \u00e0 travers elle, le Sporting.<\/p>\n<p>Je vous souhaite \u00e0 tous, de bonnes, tr\u00e8s bonnes vacances.<\/p>\n<p><strong>Forza Bastia\u00a0!\u00a0\u00a0\u00a0\u00a0\u00a0\u00a0 <\/strong><\/p>\n<p>Pierre Vinciguerra<\/p>\n<p>Pr\u00e9sident du club des supporters<\/p>\n<p>du\u00a0 SC Bastia \u00e0 Paris<\/p>\n<div class=\"pvc_clear\"><\/div>\n<p id=\"pvc_stats_7599\" class=\"pvc_stats total_only  \" data-element-id=\"7599\" style=\"\"><i class=\"pvc-stats-icon small\" aria-hidden=\"true\"><svg xmlns=\"http:\/\/www.w3.org\/2000\/svg\" version=\"1.0\" viewBox=\"0 0 502 315\" preserveAspectRatio=\"xMidYMid meet\"><g transform=\"translate(0,332) scale(0.1,-0.1)\" fill=\"\" stroke=\"none\"><path d=\"M2394 3279 l-29 -30 -3 -207 c-2 -182 0 -211 15 -242 39 -76 157 -76 196 0 15 31 17 60 15 243 l-3 209 -33 29 c-26 23 -41 29 -80 29 -41 0 -53 -5 -78 -31z\"\/><path d=\"M3085 3251 c-45 -19 -58 -50 -96 -229 -47 -217 -49 -260 -13 -295 52 -53 146 -42 177 20 16 31 87 366 87 410 0 70 -86 122 -155 94z\"\/><path d=\"M1751 3234 c-13 -9 -29 -31 -37 -50 -12 -29 -10 -49 21 -204 19 -94 39 -189 45 -210 14 -50 54 -80 110 -80 34 0 48 6 76 34 21 21 34 44 34 59 0 14 -18 113 -40 219 -37 178 -43 195 -70 221 -36 32 -101 37 -139 11z\"\/><path d=\"M1163 3073 c-36 -7 -73 -59 -73 -102 0 -56 133 -378 171 -413 34 -32 83 -37 129 -13 70 36 67 87 -16 290 -86 209 -89 214 -129 231 -35 14 -42 15 -82 7z\"\/><path d=\"M3689 3066 c-15 -9 -33 -30 -42 -48 -48 -103 -147 -355 -147 -375 0 -98 131 -148 192 -74 13 15 57 108 97 206 80 196 84 226 37 273 -30 30 -99 39 -137 18z\"\/><path d=\"M583 2784 c-38 -19 -67 -74 -58 -113 9 -42 211 -354 242 -373 16 -10 45 -18 66 -18 51 0 107 52 107 100 0 39 -1 41 -124 234 -80 126 -108 162 -133 173 -41 17 -61 16 -100 -3z\"\/><path d=\"M4250 2784 c-14 -9 -74 -91 -133 -183 -95 -150 -107 -173 -107 -213 0 -55 33 -94 87 -104 67 -13 90 8 211 198 130 202 137 225 78 284 -27 27 -42 34 -72 34 -22 0 -50 -8 -64 -16z\"\/><path d=\"M2275 2693 c-553 -48 -1095 -270 -1585 -649 -135 -104 -459 -423 -483 -476 -23 -49 -22 -139 2 -186 73 -142 361 -457 571 -626 285 -228 642 -407 990 -497 242 -63 336 -73 660 -74 310 0 370 5 595 52 535 111 1045 392 1455 803 122 121 250 273 275 326 19 41 19 137 0 174 -41 79 -309 363 -465 492 -447 370 -946 591 -1479 653 -113 14 -422 18 -536 8z m395 -428 c171 -34 330 -124 456 -258 112 -119 167 -219 211 -378 27 -96 24 -300 -5 -401 -72 -255 -236 -447 -474 -557 -132 -62 -201 -76 -368 -76 -167 0 -236 14 -368 76 -213 98 -373 271 -451 485 -162 444 86 934 547 1084 153 49 292 57 452 25z m909 -232 c222 -123 408 -262 593 -441 76 -74 138 -139 138 -144 0 -16 -233 -242 -330 -319 -155 -123 -309 -223 -461 -299 l-81 -41 32 46 c18 26 49 83 70 128 143 306 141 649 -6 957 -25 52 -61 116 -79 142 l-34 47 45 -20 c26 -10 76 -36 113 -56z m-2057 25 c-40 -58 -105 -190 -130 -263 -110 -324 -59 -707 132 -981 25 -35 42 -64 37 -64 -19 0 -241 119 -326 174 -188 122 -406 314 -532 468 l-58 71 108 103 c185 178 428 349 672 473 66 33 121 60 123 61 2 0 -10 -19 -26 -42z\"\/><path d=\"M2375 1950 c-198 -44 -350 -190 -395 -379 -18 -76 -8 -221 19 -290 114 -284 457 -406 731 -260 98 52 188 154 231 260 27 69 37 214 19 290 -38 163 -166 304 -326 360 -67 23 -215 33 -279 19z\"\/><\/g><\/svg><\/i> <img loading=\"lazy\" decoding=\"async\" width=\"16\" height=\"16\" alt=\"Loading\" src=\"https:\/\/www.turchini75.com\/v1\/wp-content\/plugins\/page-views-count\/ajax-loader-2x.gif\" border=0 \/><\/p>\n<div class=\"pvc_clear\"><\/div>\n","protected":false},"excerpt":{"rendered":"<p>Compte rendu AG du 8 Juin 2018 . C\u2019est dans une ambiance tr\u00e8s intime\u00a0 qu\u2019a eu lieu cette assembl\u00e9e g\u00e9nerale au Wagon Bleu [&hellip;]<\/p>\n","protected":false},"author":499,"featured_media":7602,"comment_status":"open","ping_status":"open","sticky":false,"template":"","format":"standard","meta":{"footnotes":""},"categories":[65,13],"tags":[181,696,749,518],"class_list":["post-7599","post","type-post","status-publish","format-standard","has-post-thumbnail","hentry","category-historique-des-ag","category-actualite","tag-ag","tag-president","tag-turchini-75","tag-wagon-bleu"],"a3_pvc":{"activated":true,"total_views":248,"today_views":0},"amp_enabled":true,"_links":{"self":[{"href":"https:\/\/www.turchini75.com\/v1\/wp-json\/wp\/v2\/posts\/7599","targetHints":{"allow":["GET"]}}],"collection":[{"href":"https:\/\/www.turchini75.com\/v1\/wp-json\/wp\/v2\/posts"}],"about":[{"href":"https:\/\/www.turchini75.com\/v1\/wp-json\/wp\/v2\/types\/post"}],"author":[{"embeddable":true,"href":"https:\/\/www.turchini75.com\/v1\/wp-json\/wp\/v2\/users\/499"}],"replies":[{"embeddable":true,"href":"https:\/\/www.turchini75.com\/v1\/wp-json\/wp\/v2\/comments?post=7599"}],"version-history":[{"count":1,"href":"https:\/\/www.turchini75.com\/v1\/wp-json\/wp\/v2\/posts\/7599\/revisions"}],"predecessor-version":[{"id":8230,"href":"https:\/\/www.turchini75.com\/v1\/wp-json\/wp\/v2\/posts\/7599\/revisions\/8230"}],"wp:featuredmedia":[{"embeddable":true,"href":"https:\/\/www.turchini75.com\/v1\/wp-json\/wp\/v2\/media\/7602"}],"wp:attachment":[{"href":"https:\/\/www.turchini75.com\/v1\/wp-json\/wp\/v2\/media?parent=7599"}],"wp:term":[{"taxonomy":"category","embeddable":true,"href":"https:\/\/www.turchini75.com\/v1\/wp-json\/wp\/v2\/categories?post=7599"},{"taxonomy":"post_tag","embeddable":true,"href":"https:\/\/www.turchini75.com\/v1\/wp-json\/wp\/v2\/tags?post=7599"}],"curies":[{"name":"wp","href":"https:\/\/api.w.org\/{rel}","templated":true}]}}