{"id":6330,"date":"2015-09-12T17:35:41","date_gmt":"2015-09-12T15:35:41","guid":{"rendered":"http:\/\/www.turchini75.com\/v1\/?p=6330"},"modified":"2015-09-12T17:35:41","modified_gmt":"2015-09-12T15:35:41","slug":"6330","status":"publish","type":"post","link":"https:\/\/www.turchini75.com\/v1\/2015\/09\/12\/6330\/","title":{"rendered":""},"content":{"rendered":"<p style=\"text-align: center;\"><b>Un r\u00e9sultat en prime? *<\/b><\/p>\n<p>&nbsp;<\/p>\n<p style=\"text-align: justify;\">Avant d\u2019entamer la pr\u00e9sentation de ce Marseille-Bastia, nous voudrions pousser \u00ab\u00a0un coup de gueule\u00a0\u00bb suite au nouvel arr\u00eat\u00e9 liberticide privant les accaniti bastiais du d\u00e9placement au Stade V\u00e9lodrome pour la deuxi\u00e8me saison cons\u00e9cutive. Que la Nation charg\u00e9e d\u2019organiser l\u2019Euro 2016 soit, \u00e0 neuf mois du coup d\u2019envoi de la dite comp\u00e9tition, incapable de canaliser moins d\u2019un millier de supporters, comme dirait le gros M\u00e9nez\u00a0: \u00ab\u00a0\u00c7a fout les j\u2019tons\u00a0!\u00a0\u00bb.<\/p>\n<p style=\"text-align: justify;\">Le 27<sup>\u00e8me<\/sup> d\u00e9placement au V\u00e9lodrome mettra-t-il fin \u00e0 pr\u00e8s de 45 ans de disette\u00a0? Il faut en effet remonter \u00e0 la saison 1971-1972 pour trouver la seule et unique victoire bastiaise \u00e0 Marseille (0-2). Le match nul obtenu 20 ans plus tard (2-2) est la derni\u00e8re \u00ab\u00a0performance\u00a0\u00bb r\u00e9alis\u00e9e par une \u00e9quipe portant nos couleurs. Une \u00e9ternit\u00e9\u2026 Oui mais c\u2019est apr\u00e8s 40 ans d\u2019attente que nos Bleus ont enfin gagn\u00e9 \u00e0 Monaco\u2026.<\/p>\n<p style=\"text-align: justify;\">Depuis la derni\u00e8re confrontation lors de l\u2019ultime journ\u00e9e de la saison derni\u00e8re, l\u2019Oh\u00e8me a \u00e9norm\u00e9ment chang\u00e9. Nous ne parlons pas seulement du coach qui quitte le navire au soir de la premi\u00e8re journ\u00e9e (d\u00e9faite \u00e0 domicile face \u00e0 Caen 0-1), mais des 22 d\u00e9parts et 17 arriv\u00e9es r\u00e9pertori\u00e9s sur le site de la LFP\u00a0!<\/p>\n<p style=\"text-align: justify;\">Parmi ces 22 d\u00e9parts notons une ligne d\u2019attaque quasi compl\u00e8te Gignac, Payet, Ayew, 38 des 76 buts marseillais marqu\u00e9s \u00e0 eux trois la saison derni\u00e8re, les milieux Imbula, Thauvin et Lemina respectivement 37, 36 et 23 matchs jou\u00e9s et enfin les d\u00e9fenseurs Morel et Fanni.<\/p>\n<p style=\"text-align: justify;\">Pel\u00e9 malgr\u00e9 sa parole donn\u00e9e \u00e0 nos dirigeants a pr\u00e9f\u00e9r\u00e9 le poste de n\u00b02 \u00e0 Marseille que celui de n\u00b01 au Sporting. Qu\u2019il s\u2019use le short et le reste sur le banc\u2026<\/p>\n<p style=\"text-align: justify;\">Parmi les \u00ab\u00a0noms\u00a0\u00bb d\u00e9barqu\u00e9s au V\u00e9lodrome notons l\u2019attaquant Cabella pr\u00eat\u00e9 par Newcastle o\u00f9 il n\u2019a inscrit qu\u2019un but en 31 apparitions et Rekik un jeune d\u00e9fenseur n\u00e9erlandais qui d\u00e9barque du PSV Eindhoven.<\/p>\n<p style=\"text-align: justify;\">Michel coach espagnol a remplac\u00e9 au pied lev\u00e9 \u00ab\u00a0El Loco\u00a0Bielsa\u00bb. Autant dire que pour l\u2019instant il n\u2019a pas fait de miracle avec ce groupe en pleine reconstruction. La tr\u00eave internationale ne lui a pas permis de v\u00e9ritablement travailler puisque 7 de ses joueurs \u00e9taient concern\u00e9s par leur s\u00e9lection respective (Mandanda, Mendy (U21), Manquillo, Batshuayi, Romao, Rekik et N\u2019Koulou).<\/p>\n<p style=\"text-align: justify;\">Apr\u00e8s la d\u00e9faite initiale face \u00e0 Caen, suivi d\u2019une autre \u00e0 Reims (0-1), les Marseillais ne se sont-ils pas vu \u00ab\u00a0trop beaux\u00a0\u00bb apr\u00e8s le large succ\u00e8s obtenu face au promu Troyes (6-0)\u00a0? Toujours est-il qu\u2019ils ont rechut\u00e9 \u00e0 Guingamp (0-2) juste avant la tr\u00eave.<\/p>\n<p style=\"text-align: justify;\">Actuels 15<sup>\u00e8me<\/sup> combien de temps resteront-ils derri\u00e8re le Sporting au classement\u00a0?<\/p>\n<p style=\"text-align: justify;\">Ghislain Printant n\u2019a pas de soucis \u00ab\u00a0de riches\u00a0\u00bb\u00a0!<\/p>\n<p style=\"text-align: justify;\">Si le groupe qu\u2019il a voulu restreint n\u2019\u00e9tait amput\u00e9 que d\u2019un seul international ces jours ci, Ayit\u00e9, Leca, Kamano et Mostefa n\u2019ont pas particip\u00e9 aux entra\u00eenements avec le restant du groupe pour cause de blessure.<\/p>\n<p style=\"text-align: justify;\">Pas de rencontre amicale pour \u00ab\u00a0meubler\u00a0\u00bb la mini-tr\u00eave mais un match avec la CFA2 pour plusieurs pros en qu\u00eate de rythme\u00a0: Vincensini, Cioni, Maboulou, Houri, Ngando, Raspentino et Jebbour. \u00a0Pas s\u00fbr que Ghislain Printant ait retenu beaucoup de positif de cette d\u00e9faite\u2026<\/p>\n<p style=\"text-align: justify;\">Djiku et Kamano suspendus, Leca et Mostefa incertains, le coach devrait cependant r\u00e9cup\u00e9rer Cioni remis de son entorse \u00e0 la cheville et Brandao qui a purg\u00e9 ses trois matchs de suspension. C\u2019est donc avec un groupe forc\u00e9ment in\u00e9dit que le Sporting effectuera ce troisi\u00e8me d\u00e9placement de la saison.<\/p>\n<p style=\"text-align: justify;\">M.Rainville qui dirigera ce Marseille-Bastia rel\u00e8vera-t-il le faible niveau de l\u2019arbitrage qu\u2019ont eu \u00e0 subir nos joueurs \u00e0 l\u2019ext\u00e9rieur depuis le d\u00e9but saison\u00a0? Le Pr\u00e9sident de la LFP n\u2019avait pas h\u00e9sit\u00e9 \u00e0 pr\u00e9senter ses excuses \u00e0 celui du PSG apr\u00e8s la rencontre Lens-PSG la saison derni\u00e8re apr\u00e8s la pi\u00e8tre sortie dudit Rainville. Dommage que l\u2019inf\u00e2me Gauthier n\u2019ait pas essuy\u00e9 les m\u00eames reproches alors que de l\u2019avis unanime nos joueurs Djiku et Kamano m\u00e9ritaient tout au plus in carton jaune\u2026<\/p>\n<p style=\"text-align: justify;\">Pour cette premi\u00e8re diffusion en prime-time depuis le retour du Sporting en L1 esp\u00e9rons que nos joueurs laisseront leurs complexes aux vestiaires et qu\u2019ils \u00e9trenneront le maillot \u00ab\u00a0third\u00a0\u00bb de la meilleure des mani\u00e8res.<\/p>\n<p style=\"text-align: justify;\">*Match diffus\u00e9 en primetime<\/p>\n<p style=\"text-align: justify;\">FORZA BASTIA!<\/p>\n<p style=\"text-align: justify;\">\n<div class=\"pvc_clear\"><\/div>\n<p id=\"pvc_stats_6330\" class=\"pvc_stats total_only  \" data-element-id=\"6330\" style=\"\"><i class=\"pvc-stats-icon small\" aria-hidden=\"true\"><svg xmlns=\"http:\/\/www.w3.org\/2000\/svg\" version=\"1.0\" viewBox=\"0 0 502 315\" preserveAspectRatio=\"xMidYMid meet\"><g transform=\"translate(0,332) scale(0.1,-0.1)\" fill=\"\" stroke=\"none\"><path d=\"M2394 3279 l-29 -30 -3 -207 c-2 -182 0 -211 15 -242 39 -76 157 -76 196 0 15 31 17 60 15 243 l-3 209 -33 29 c-26 23 -41 29 -80 29 -41 0 -53 -5 -78 -31z\"\/><path d=\"M3085 3251 c-45 -19 -58 -50 -96 -229 -47 -217 -49 -260 -13 -295 52 -53 146 -42 177 20 16 31 87 366 87 410 0 70 -86 122 -155 94z\"\/><path d=\"M1751 3234 c-13 -9 -29 -31 -37 -50 -12 -29 -10 -49 21 -204 19 -94 39 -189 45 -210 14 -50 54 -80 110 -80 34 0 48 6 76 34 21 21 34 44 34 59 0 14 -18 113 -40 219 -37 178 -43 195 -70 221 -36 32 -101 37 -139 11z\"\/><path d=\"M1163 3073 c-36 -7 -73 -59 -73 -102 0 -56 133 -378 171 -413 34 -32 83 -37 129 -13 70 36 67 87 -16 290 -86 209 -89 214 -129 231 -35 14 -42 15 -82 7z\"\/><path d=\"M3689 3066 c-15 -9 -33 -30 -42 -48 -48 -103 -147 -355 -147 -375 0 -98 131 -148 192 -74 13 15 57 108 97 206 80 196 84 226 37 273 -30 30 -99 39 -137 18z\"\/><path d=\"M583 2784 c-38 -19 -67 -74 -58 -113 9 -42 211 -354 242 -373 16 -10 45 -18 66 -18 51 0 107 52 107 100 0 39 -1 41 -124 234 -80 126 -108 162 -133 173 -41 17 -61 16 -100 -3z\"\/><path d=\"M4250 2784 c-14 -9 -74 -91 -133 -183 -95 -150 -107 -173 -107 -213 0 -55 33 -94 87 -104 67 -13 90 8 211 198 130 202 137 225 78 284 -27 27 -42 34 -72 34 -22 0 -50 -8 -64 -16z\"\/><path d=\"M2275 2693 c-553 -48 -1095 -270 -1585 -649 -135 -104 -459 -423 -483 -476 -23 -49 -22 -139 2 -186 73 -142 361 -457 571 -626 285 -228 642 -407 990 -497 242 -63 336 -73 660 -74 310 0 370 5 595 52 535 111 1045 392 1455 803 122 121 250 273 275 326 19 41 19 137 0 174 -41 79 -309 363 -465 492 -447 370 -946 591 -1479 653 -113 14 -422 18 -536 8z m395 -428 c171 -34 330 -124 456 -258 112 -119 167 -219 211 -378 27 -96 24 -300 -5 -401 -72 -255 -236 -447 -474 -557 -132 -62 -201 -76 -368 -76 -167 0 -236 14 -368 76 -213 98 -373 271 -451 485 -162 444 86 934 547 1084 153 49 292 57 452 25z m909 -232 c222 -123 408 -262 593 -441 76 -74 138 -139 138 -144 0 -16 -233 -242 -330 -319 -155 -123 -309 -223 -461 -299 l-81 -41 32 46 c18 26 49 83 70 128 143 306 141 649 -6 957 -25 52 -61 116 -79 142 l-34 47 45 -20 c26 -10 76 -36 113 -56z m-2057 25 c-40 -58 -105 -190 -130 -263 -110 -324 -59 -707 132 -981 25 -35 42 -64 37 -64 -19 0 -241 119 -326 174 -188 122 -406 314 -532 468 l-58 71 108 103 c185 178 428 349 672 473 66 33 121 60 123 61 2 0 -10 -19 -26 -42z\"\/><path d=\"M2375 1950 c-198 -44 -350 -190 -395 -379 -18 -76 -8 -221 19 -290 114 -284 457 -406 731 -260 98 52 188 154 231 260 27 69 37 214 19 290 -38 163 -166 304 -326 360 -67 23 -215 33 -279 19z\"\/><\/g><\/svg><\/i> <img loading=\"lazy\" decoding=\"async\" width=\"16\" height=\"16\" alt=\"Loading\" src=\"https:\/\/www.turchini75.com\/v1\/wp-content\/plugins\/page-views-count\/ajax-loader-2x.gif\" border=0 \/><\/p>\n<div class=\"pvc_clear\"><\/div>\n","protected":false},"excerpt":{"rendered":"<p>Un r\u00e9sultat en prime? * &nbsp; Avant d\u2019entamer la pr\u00e9sentation de ce Marseille-Bastia, nous voudrions pousser \u00ab\u00a0un coup de gueule\u00a0\u00bb suite au nouvel [&hellip;]<\/p>\n","protected":false},"author":2,"featured_media":6331,"comment_status":"open","ping_status":"open","sticky":false,"template":"","format":"standard","meta":{"footnotes":""},"categories":[13],"tags":[354,503],"class_list":["post-6330","post","type-post","status-publish","format-standard","has-post-thumbnail","hentry","category-actualite","tag-marseille-bastia","tag-sans-supporter"],"a3_pvc":{"activated":true,"total_views":41,"today_views":0},"amp_enabled":true,"_links":{"self":[{"href":"https:\/\/www.turchini75.com\/v1\/wp-json\/wp\/v2\/posts\/6330","targetHints":{"allow":["GET"]}}],"collection":[{"href":"https:\/\/www.turchini75.com\/v1\/wp-json\/wp\/v2\/posts"}],"about":[{"href":"https:\/\/www.turchini75.com\/v1\/wp-json\/wp\/v2\/types\/post"}],"author":[{"embeddable":true,"href":"https:\/\/www.turchini75.com\/v1\/wp-json\/wp\/v2\/users\/2"}],"replies":[{"embeddable":true,"href":"https:\/\/www.turchini75.com\/v1\/wp-json\/wp\/v2\/comments?post=6330"}],"version-history":[{"count":0,"href":"https:\/\/www.turchini75.com\/v1\/wp-json\/wp\/v2\/posts\/6330\/revisions"}],"wp:featuredmedia":[{"embeddable":true,"href":"https:\/\/www.turchini75.com\/v1\/wp-json\/wp\/v2\/media\/6331"}],"wp:attachment":[{"href":"https:\/\/www.turchini75.com\/v1\/wp-json\/wp\/v2\/media?parent=6330"}],"wp:term":[{"taxonomy":"category","embeddable":true,"href":"https:\/\/www.turchini75.com\/v1\/wp-json\/wp\/v2\/categories?post=6330"},{"taxonomy":"post_tag","embeddable":true,"href":"https:\/\/www.turchini75.com\/v1\/wp-json\/wp\/v2\/tags?post=6330"}],"curies":[{"name":"wp","href":"https:\/\/api.w.org\/{rel}","templated":true}]}}