{"id":5661,"date":"2014-10-24T19:20:48","date_gmt":"2014-10-24T17:20:48","guid":{"rendered":"http:\/\/www.turchini75.com\/v1\/?p=5661"},"modified":"2014-10-24T19:23:15","modified_gmt":"2014-10-24T17:23:15","slug":"quelle-semaine","status":"publish","type":"post","link":"https:\/\/www.turchini75.com\/v1\/2014\/10\/24\/quelle-semaine\/","title":{"rendered":"Quelle semaine!"},"content":{"rendered":"<p style=\"text-align: center;\"><strong>Quelle semaine!<\/strong><\/p>\n<p>&nbsp;<\/p>\n<p>&nbsp;<\/p>\n<p style=\"text-align: justify;\">\u00a0 \u00ab\u00a0Provocation\u00a0!\u00a0\u00bb Le mot lanc\u00e9 par Digard le capitaine de l\u2019OGC Nice, qui \u00e0 notre sens et le v\u00e9ritable d\u00e9clencheur des \u00e9v\u00e8nements de samedi soir, est repris sans la moindre h\u00e9sitation par la quasi-totalit\u00e9 des m\u00e9dias. Estrosi le d\u00e9put\u00e9-maire de Nice, absent du stade au moment des faits, demande des sanctions \u00e0 l\u2019encontre du joueur, et le rouleau compresseur m\u00e9diatique s\u2019emballe\u2026<\/p>\n<p style=\"text-align: justify;\">Une fois n\u2019est pas coutume, Menez dans le Canal Football Club prend fait et cause de notre gardien et images \u00e0 l\u2019appui d\u00e9montre qu\u2019en aucun cas il n\u2019y a de provocation de la part de Jean-Louis Leca. Ce dernier en direct et par t\u00e9l\u00e9phone peut enfin donner sa version.<\/p>\n<p style=\"text-align: justify;\">Comme toujours dans de telles situations les avis divergent. Cependant la mauvaise foi dont fait montre Boutonnet (Directeur National de la Lutte contre le Hooliganisme) est sid\u00e9rante\u00a0!<\/p>\n<p style=\"text-align: justify;\">La tentative de minimisation de l\u2019envahissement du terrain par les supporters Ni\u00e7ois et le comportement inqualifiable de certains stadiers et membres de la s\u00e9curit\u00e9 et en marche. Comme le fait remarquer Jo Franceschini dans A \u00ab\u00a0Casaleone\u00a0\u00bb, le Sporting en est arriv\u00e9 \u00e0 devoir se justifier\u00a0! C\u2019est proprement hallucinant. Pas de r\u00e9actions virulentes et de jugement d\u00e9finitif de Thiriez cette fois contrairement \u00e0 son intervention apr\u00e8s le Bastia-Lens d\u2019octobre 2011, pas d\u2019enqu\u00eate pr\u00e9liminaire ouverte par le parquet de Nice pour les coups port\u00e9s aux joueurs bastiais contrairement \u00e0 Brandao et son coup de t\u00eate \u00e0 Motta. Le Sporting \u00e9tant cette fois la victime, il n\u2019y a malheureusement rien d\u2019\u00e9tonnant. Pas \u00e9tonnant non plus le verdict de la commission de discipline qui pour de tels comportements inflige pour l\u2019instant un huis-clos partiel de l\u2019Alliance Riviera. Nous sommes loin de Gueugnon\u2026<\/p>\n<p style=\"text-align: justify;\">Le gardien de Nantes, Riou s\u2019\u00e9tait dit victime de jets de pierres durant son \u00e9chauffement avant la rencontre Bastia-Nantes du 24 septembre dernier. Aucune preuve n\u2019\u00e9tant venue \u00e9tayer ses propos, la commission de discipline a absout le Sporting et classer le dossier. Pas le Club qui a d\u00e9cid\u00e9 de saisir la justice s\u2019estimant diffam\u00e9. C\u2019est une d\u00e9marche qui en fera peut-\u00eatre r\u00e9fl\u00e9chir plus d\u2019un et mettra un b\u00e9mol au trop facile \u00ab\u00a0contexte Corse\u00a0\u00bb.<\/p>\n<p style=\"text-align: justify;\">La main dans le sac\u00a0! S\u2019il \u00e9tait besoin de le d\u00e9montrer l\u2019impartialit\u00e9 de Thiriez a vol\u00e9 en \u00e9clat avec la diffusion sur Canal + de ses excuses adress\u00e9es au Pr\u00e9sident du PSG \u00e0 l\u2019issue de la rencontre Lens-PSG le week-end dernier. Combien d\u2019autres Pr\u00e9sidents auraient aim\u00e9 b\u00e9n\u00e9ficier des m\u00eames \u00e9gards, \u00e0 commencer par le notre suite \u00e0 l\u2019erreur subie \u00e0 Bordeaux o\u00f9, rappelons-le, le joueur Palois n\u2019a m\u00eame pas \u00e9t\u00e9 sanctionn\u00e9\u2026<\/p>\n<p style=\"text-align: justify;\">Si Thiriez est \u00e0 la botte du Pr\u00e9sident du PSG, \u00ab\u00a0l\u2019ind\u00e9pendante\u00a0\u00bb commission de discipline \u00a0l\u2019est au moustachu. Un seul match de suspension pour Cavani apr\u00e8s le carton rouge que lui a adress\u00e9 M. Rainville l\u2019arbitre. Cahuzac et Samassa appr\u00e9cieront\u2026<\/p>\n<p style=\"text-align: justify;\">Le foot business dans toute son horreur va obliger bon nombre de f\u00e9d\u00e9rations \u00e0 revoir leur calendrier afin que la Coupe du Monde 2022 puisse se d\u00e9rouler en hiver au Qatar. Les corrupteurs et les corrompus ont remport\u00e9 une belle victoire cette semaine suite \u00e0 la d\u00e9cision prise par la FIFA d\u2019organiser la comp\u00e9tition en fin d\u2019ann\u00e9e plut\u00f4t qu\u2019au d\u00e9but de l\u2019\u00e9t\u00e9 comme c\u2019est le cas depuis l\u2019origine de la comp\u00e9tition\u2026 Bravo\u00a0!<\/p>\n<p style=\"text-align: justify;\">Plus proche dans le temps et g\u00e9ographiquement, la prochaine journ\u00e9e de championnat de L1, la 11<sup>\u00e8me<\/sup>, verra l\u2019AS Monaco d\u00e9barqu\u00e9 \u00e0 Furiani.<\/p>\n<p style=\"text-align: justify;\">Si le jeu propos\u00e9 \u00e0 Nice par nos joueurs est loin d\u2019\u00eatre emballant, l\u2019apr\u00e8s-match semble avoir ressoud\u00e9 les diff\u00e9rentes composantes du Club. Il faut bien cela pour nous sortir de la zone de turbulences dans laquelle se trouve notre Sporting. Avant-dernier avant le d\u00e9placement \u00e0 Nice, une d\u00e9faite des n\u00f4tres nous aurait valu une 20<sup>\u00e8me<\/sup> place au classement. C\u2019est dire si le bilan depuis le d\u00e9but de saison est mauvais.<\/p>\n<p style=\"text-align: justify;\">Le Monaco 2014-2015 n\u2019est pas le Monaco de la saison pass\u00e9e. Le club de la Principaut\u00e9 a perdu plusieurs de ses joueurs vedette \u00e0 l\u2019intersaison dont les Falcao, Rodriguez et autre Rivi\u00e8re. Ranieri le coach a \u00e9t\u00e9 remplac\u00e9 par Jardim qui a eu du mal \u00e0 (re)lancer la machine, les Mon\u00e9gasques occupant la 19<sup>\u00e8me<\/sup> place au soir de la 5<sup>\u00e8me<\/sup> journ\u00e9e\u00a0! Si depuis les r\u00e9sultats sont meilleurs (4 victoires, 3 nuls 1 d\u00e9faite toutes comp\u00e9titions confondues) ce n\u2019est pas leur derni\u00e8re victoire (2-0 face \u00e0 Evian) qui doit faire peur \u00e0 nos joueurs. Sans un p\u00e9nalty imaginaire que leur a offert Olivier Thual d\u00e8s la 2<sup>\u00e8me<\/sup> minute (Thiriez s\u2019est-il excus\u00e9\u00a0?) quelle aurait \u00e9t\u00e9 l\u2019issue de cette rencontre o\u00f9 l\u2019ETG a fait plus que se d\u00e9fendre\u00a0?<\/p>\n<p style=\"text-align: justify;\">Coinc\u00e9s au milieu de tableau (10<sup>\u00e8me<\/sup>) avec 14 points (4 victoires, 2 nuls, 4 d\u00e9faites 10 buts marqu\u00e9s 11 encaiss\u00e9s) les joueurs de Jardim affichent 2 victoires, 1 nul et 2 d\u00e9faites en 5 rencontres disput\u00e9es \u00e0 l\u2019ext\u00e9rieur.<\/p>\n<p style=\"text-align: justify;\">Galvanis\u00e9s par un Furiani o\u00f9 l\u2019on attend 15000 accaniti \u00e9quip\u00e9s d\u2019autant de \u00ab\u00a0bandere\u00a0\u00bb nos joueurs vont-ils encha\u00eener un deuxi\u00e8me bon r\u00e9sultat qui permettrait au coach, qui ne semble pas au courant des menaces qui p\u00e8sent sur lui, de sauver sa t\u00eate\u00a0? Le challenge de quatre points gagn\u00e9s lors des deux rencontres face \u00e0 Nice et Monaco est r\u00e9alisable puisqu\u2019un nul permettrait de l\u2019atteindre. Une deuxi\u00e8me victoire cons\u00e9cutive serait une premi\u00e8re cette saison et, en fonction de la mani\u00e8re, permettrait d\u2019\u00e9claircir l\u2019horizon imm\u00e9diat. Les Mon\u00e9gasques n\u2019auront pourtant s\u00fbrement que faire de ces consid\u00e9rations\u2026.<\/p>\n<p style=\"text-align: justify;\">Un regain de combativit\u00e9 et des attaquants Ni\u00e7ois impr\u00e9cis (4 tirs cadr\u00e9s sur les 18 tent\u00e9s) ont permis \u00e0 nos joueurs de revenir de Nice avec cette victoire historique, la derni\u00e8re remontait \u00e0 1994, mais il ne faut pas se voiler la face, la prestation bastiaise n\u2019a pas \u00e9t\u00e9 \u00e0 la hauteur des esp\u00e9rances notamment sur le plan de l\u2019organisation du jeu et dans le secteur offensif avec un bilan de 3 tirs dont un seul cadr\u00e9. Nous ne pourrons pas b\u00e9n\u00e9ficier \u00e0 chaque rencontre d\u2019une erreur de l\u2019arri\u00e8re central adverse pour marquer. Avec seulement 8 buts inscrits en 10 journ\u00e9es (dont 3 lors de la premi\u00e8re journ\u00e9e face \u00e0 Marseille) le rendement du secteur offensif est incontestablement insuffisant. Avant le but d\u2019Ayit\u00e9 cela faisait 3 matchs et une mi-temps que les filets adverses n\u2019avaient pas trembl\u00e9 dont les deux derni\u00e8res rencontres \u00e0 domicile face \u00e0 Nantes (0-0) et Lorient (0-2).<\/p>\n<p style=\"text-align: justify;\">Mak\u00e9l\u00e9l\u00e9 n\u2019a pour l\u2019heure pas trouv\u00e9 la bonne formule. A sa d\u00e9charge il n\u2019a que rarement pu aligner les m\u00eames 11 joueurs deux rencontres cons\u00e9cutives ou alors \u00e0 des postes diff\u00e9rents d\u2019un match \u00e0 l\u2019autre. D\u00e9j\u00e0 priv\u00e9 de Brandao en attaque qui devait \u00eatre la pierre angulaire de son syst\u00e8me, il doit se passer depuis trois matchs de Cahuzac (suspendu) et maintenant de Ba bless\u00e9 et qui sera absent jusqu\u2019\u00e0 la tr\u00eave. C\u2019est l\u00e0 que la qualit\u00e9 et surtout son incoh\u00e9rence du recrutement estival montre ses limites.<\/p>\n<p style=\"text-align: justify;\">Il reste au coach tout de m\u00eame une bonne vingtaine de joueur \u00e0 sa disposition. A lui d\u2019en retenir 18 et parmi ces 18\u00a0, 11 a lancer \u00e0 l\u2019assaut des Mon\u00e9gasques qui ne viendront pas \u00e0 Furiani pour faire du tourisme malgr\u00e9 quelques soucis au sein de l\u2019effectif, Jardim devant faire sans Barbatov, Kurzawa et Moutinho. Le public bastiais devrait \u00eatre \u00ab\u00a0chaud-bouillant\u00a0\u00bb \u00e0 nos joueurs de se montrer \u00e0 la hauteur en ne confondant pas virilit\u00e9 et agressivit\u00e9. Apr\u00e8s Chapron face \u00e0 Nantes c\u2019est Antony Gautier qui arbitrera demain\u2026.<\/p>\n<p><strong>FORZA BASTIA!<\/strong><\/p>\n<div class=\"pvc_clear\"><\/div>\n<p id=\"pvc_stats_5661\" class=\"pvc_stats total_only  \" data-element-id=\"5661\" style=\"\"><i class=\"pvc-stats-icon small\" aria-hidden=\"true\"><svg xmlns=\"http:\/\/www.w3.org\/2000\/svg\" version=\"1.0\" viewBox=\"0 0 502 315\" preserveAspectRatio=\"xMidYMid meet\"><g transform=\"translate(0,332) scale(0.1,-0.1)\" fill=\"\" stroke=\"none\"><path d=\"M2394 3279 l-29 -30 -3 -207 c-2 -182 0 -211 15 -242 39 -76 157 -76 196 0 15 31 17 60 15 243 l-3 209 -33 29 c-26 23 -41 29 -80 29 -41 0 -53 -5 -78 -31z\"\/><path d=\"M3085 3251 c-45 -19 -58 -50 -96 -229 -47 -217 -49 -260 -13 -295 52 -53 146 -42 177 20 16 31 87 366 87 410 0 70 -86 122 -155 94z\"\/><path d=\"M1751 3234 c-13 -9 -29 -31 -37 -50 -12 -29 -10 -49 21 -204 19 -94 39 -189 45 -210 14 -50 54 -80 110 -80 34 0 48 6 76 34 21 21 34 44 34 59 0 14 -18 113 -40 219 -37 178 -43 195 -70 221 -36 32 -101 37 -139 11z\"\/><path d=\"M1163 3073 c-36 -7 -73 -59 -73 -102 0 -56 133 -378 171 -413 34 -32 83 -37 129 -13 70 36 67 87 -16 290 -86 209 -89 214 -129 231 -35 14 -42 15 -82 7z\"\/><path d=\"M3689 3066 c-15 -9 -33 -30 -42 -48 -48 -103 -147 -355 -147 -375 0 -98 131 -148 192 -74 13 15 57 108 97 206 80 196 84 226 37 273 -30 30 -99 39 -137 18z\"\/><path d=\"M583 2784 c-38 -19 -67 -74 -58 -113 9 -42 211 -354 242 -373 16 -10 45 -18 66 -18 51 0 107 52 107 100 0 39 -1 41 -124 234 -80 126 -108 162 -133 173 -41 17 -61 16 -100 -3z\"\/><path d=\"M4250 2784 c-14 -9 -74 -91 -133 -183 -95 -150 -107 -173 -107 -213 0 -55 33 -94 87 -104 67 -13 90 8 211 198 130 202 137 225 78 284 -27 27 -42 34 -72 34 -22 0 -50 -8 -64 -16z\"\/><path d=\"M2275 2693 c-553 -48 -1095 -270 -1585 -649 -135 -104 -459 -423 -483 -476 -23 -49 -22 -139 2 -186 73 -142 361 -457 571 -626 285 -228 642 -407 990 -497 242 -63 336 -73 660 -74 310 0 370 5 595 52 535 111 1045 392 1455 803 122 121 250 273 275 326 19 41 19 137 0 174 -41 79 -309 363 -465 492 -447 370 -946 591 -1479 653 -113 14 -422 18 -536 8z m395 -428 c171 -34 330 -124 456 -258 112 -119 167 -219 211 -378 27 -96 24 -300 -5 -401 -72 -255 -236 -447 -474 -557 -132 -62 -201 -76 -368 -76 -167 0 -236 14 -368 76 -213 98 -373 271 -451 485 -162 444 86 934 547 1084 153 49 292 57 452 25z m909 -232 c222 -123 408 -262 593 -441 76 -74 138 -139 138 -144 0 -16 -233 -242 -330 -319 -155 -123 -309 -223 -461 -299 l-81 -41 32 46 c18 26 49 83 70 128 143 306 141 649 -6 957 -25 52 -61 116 -79 142 l-34 47 45 -20 c26 -10 76 -36 113 -56z m-2057 25 c-40 -58 -105 -190 -130 -263 -110 -324 -59 -707 132 -981 25 -35 42 -64 37 -64 -19 0 -241 119 -326 174 -188 122 -406 314 -532 468 l-58 71 108 103 c185 178 428 349 672 473 66 33 121 60 123 61 2 0 -10 -19 -26 -42z\"\/><path d=\"M2375 1950 c-198 -44 -350 -190 -395 -379 -18 -76 -8 -221 19 -290 114 -284 457 -406 731 -260 98 52 188 154 231 260 27 69 37 214 19 290 -38 163 -166 304 -326 360 -67 23 -215 33 -279 19z\"\/><\/g><\/svg><\/i> <img loading=\"lazy\" decoding=\"async\" width=\"16\" height=\"16\" alt=\"Loading\" src=\"https:\/\/www.turchini75.com\/v1\/wp-content\/plugins\/page-views-count\/ajax-loader-2x.gif\" border=0 \/><\/p>\n<div class=\"pvc_clear\"><\/div>\n","protected":false},"excerpt":{"rendered":"<p>Quelle semaine! &nbsp; &nbsp; \u00a0 \u00ab\u00a0Provocation\u00a0!\u00a0\u00bb Le mot lanc\u00e9 par Digard le capitaine de l\u2019OGC Nice, qui \u00e0 notre sens et le v\u00e9ritable [&hellip;]<\/p>\n","protected":false},"author":2,"featured_media":5664,"comment_status":"open","ping_status":"open","sticky":false,"template":"","format":"standard","meta":{"footnotes":""},"categories":[13],"tags":[356,134,420],"class_list":["post-5661","post","type-post","status-publish","format-standard","has-post-thumbnail","hentry","category-actualite","tag-bastia-monaco","tag-featured","tag-nice-bastia-incidents"],"a3_pvc":{"activated":true,"total_views":93,"today_views":0},"amp_enabled":true,"_links":{"self":[{"href":"https:\/\/www.turchini75.com\/v1\/wp-json\/wp\/v2\/posts\/5661","targetHints":{"allow":["GET"]}}],"collection":[{"href":"https:\/\/www.turchini75.com\/v1\/wp-json\/wp\/v2\/posts"}],"about":[{"href":"https:\/\/www.turchini75.com\/v1\/wp-json\/wp\/v2\/types\/post"}],"author":[{"embeddable":true,"href":"https:\/\/www.turchini75.com\/v1\/wp-json\/wp\/v2\/users\/2"}],"replies":[{"embeddable":true,"href":"https:\/\/www.turchini75.com\/v1\/wp-json\/wp\/v2\/comments?post=5661"}],"version-history":[{"count":0,"href":"https:\/\/www.turchini75.com\/v1\/wp-json\/wp\/v2\/posts\/5661\/revisions"}],"wp:featuredmedia":[{"embeddable":true,"href":"https:\/\/www.turchini75.com\/v1\/wp-json\/wp\/v2\/media\/5664"}],"wp:attachment":[{"href":"https:\/\/www.turchini75.com\/v1\/wp-json\/wp\/v2\/media?parent=5661"}],"wp:term":[{"taxonomy":"category","embeddable":true,"href":"https:\/\/www.turchini75.com\/v1\/wp-json\/wp\/v2\/categories?post=5661"},{"taxonomy":"post_tag","embeddable":true,"href":"https:\/\/www.turchini75.com\/v1\/wp-json\/wp\/v2\/tags?post=5661"}],"curies":[{"name":"wp","href":"https:\/\/api.w.org\/{rel}","templated":true}]}}