{"id":5601,"date":"2014-09-19T19:34:52","date_gmt":"2014-09-19T17:34:52","guid":{"rendered":"http:\/\/www.turchini75.com\/v1\/?p=5601"},"modified":"2014-09-21T16:18:06","modified_gmt":"2014-09-21T14:18:06","slug":"5601","status":"publish","type":"post","link":"https:\/\/www.turchini75.com\/v1\/2014\/09\/19\/5601\/","title":{"rendered":"Retrouvailles\u2026"},"content":{"rendered":"<p style=\"text-align: center;\">Retrouvailles\u2026<\/p>\n<p>&nbsp;<\/p>\n<p>&nbsp;<\/p>\n<p style=\"text-align: justify;\">Le Sporting s\u2019appr\u00eatait \u00e0 vivre une semaine cruciale puisque ce jeudi Brandao pour son geste sur Thiago Motta et les dirigeants pour les incidents survenus en marge du match Bastia-Marseille \u00e9taient convoqu\u00e9s \u00e0 la Ligue. A cette actualit\u00e9 extra-sportive est venue s\u2019ajouter ce qu\u2019il est convenu d\u2019appeler \u00ab\u00a0l\u2019affaire de la banderoles\u00a0\u00bb. La vie de supporters du Sporting n\u2019est d\u00e9cid\u00e9ment pas un long fleuve tranquille.<\/p>\n<p>Apr\u00e8s la condamnation de cinq de ses membres le groupe Bastia 1905 avait d\u00e9cid\u00e9 de profiter de la rencontre Bastia-Lens du week-end dernier pour exposer ses revendications au travers de plusieurs banderoles d\u00e9ploy\u00e9es durant le match. Une d\u2019entre elles a suscit\u00e9 un flot de protestations aussi bien des journalistes que des politiques. Il faut reconna\u00eetre que les r\u00e9f\u00e9rences \u00e0 un pass\u00e9 douloureux y \u00e9taient particuli\u00e8rement mal choisies. C\u2019est par tract distribu\u00e9 en ville que le groupe a reconnu du bout des l\u00e8vres \u00ab\u00a0qu\u2019il y avait meilleur choix pour exprimer un m\u00e9contentement et une col\u00e8re l\u00e9gitime\u00a0\u00bb.<\/p>\n<p style=\"text-align: justify;\">Les dirigeants et le Directeur de l\u2019organisation et de la s\u00e9curit\u00e9 pr\u00e9sents \u00e0 la Ligue pour y d\u00e9fendre les deux dossiers du jour y ont appris que la commission de discipline avait d\u00e9cid\u00e9 d\u2019en ouvrir un nouveau concernant ces banderoles\u2026<\/p>\n<p style=\"text-align: justify;\">Six heures apr\u00e8s le d\u00e9but de la r\u00e9union Brandao a pris connaissance de la d\u00e9cision le concernant. Comme il fallait s\u2019y attendre il paye tr\u00e8s cher son moment d\u2019\u00e9garement dans les couloirs du Parc de Princes\u00a0: 6 mois ferme de suspension\u00a0! Une fois de plus les membres de cette commission se sont montr\u00e9s fort s\u00e9v\u00e8res au moment de sanctionner un joueur portant le maillot bleu du Sporting. Il vaut mieux frapper un dirigeant Bastiais, (Cichero avait pris 10 mois de suspension dont 5 avec sursis pour son agression sur Alain Seghi) qu\u2019un joueur du P.S.G\u2026. Nos dirigeants et le joueur vont-ils faire appel de cette d\u00e9cision qui, de fait, \u00e9quivaut \u00e0 une fin de carri\u00e8re pour Brandao comme l\u2019avait r\u00e9clam\u00e9 Nasser Al-Khela\u00effi\u00a0pr\u00e9sident du club de la capitale\u2026<\/p>\n<p style=\"text-align: justify;\">A notre grande surprise, les incidents en marge de la rencontre face \u00e0 Marseille le 9 ao\u00fbt dernier n\u2019ont pas g\u00e9n\u00e9r\u00e9 de sanction \u00e0 l\u2019encontre du Sporting. C\u2019est une excellente d\u00e9cision et cela d\u00e9montre si besoin \u00e9tait qu\u2019un club de football ne peut pas se substituer aux forces de police pour assurer le maintien de l\u2019ordre en dehors de son stade.<\/p>\n<p style=\"text-align: justify;\">Laissons de c\u00f4t\u00e9 l\u2019extra-sportif pour nous tourner vers le sportif et le match qui va opposer ce week-end nos Bleus aux Messins pour le compte de la 6<sup>\u00e8me<\/sup> journ\u00e9e de championnat.<\/p>\n<p style=\"text-align: justify;\">Si les confrontations entre les deux formations ont toujours \u00e9t\u00e9 acharn\u00e9es, la derni\u00e8re est un bon souvenir pour nous\u00a0: Une victoire obtenue \u00e0 la 90<sup>\u00e8me<\/sup> minute de jeu gr\u00e2ce \u00e0 un but de Maoulida en janvier 2012. Dans nos rangs se trouvait \u00e0 l\u2019\u00e9poque un certain J\u00e9r\u00e9my Choplin qui aujourd\u2019hui \u00e9volue avec le maillot grenat de Metz.<\/p>\n<p style=\"text-align: justify;\">Marchal et Rocchi autres anciens Bastiais font eux aussi parti de l\u2019effectif d\u2019Albert Cartier qui a du laisser filer \u00e0 l\u2019intersaison son buteur Sakho auteur de 20 buts en 37 matchs lors du dernier exercice qui a vu les Messins, comme le Sporting en son temps, encha\u00eener deux mont\u00e9es cons\u00e9cutives de Nationale en L2 puis de L2 en L1.<\/p>\n<p style=\"text-align: justify;\">Deux autres attaquants ont quitt\u00e9 le FC Metz (Fauvergue et Eduardo) et cela se ressent puisque les Lorrains n\u2019ont inscrit que 3 buts en 5 rencontres. La d\u00e9fense elle, autre point commun avec le Sporting, n\u2019a pas chang\u00e9 et affiche une certaine solidit\u00e9 avec 5 buts encaiss\u00e9s dont le dernier suite \u00e0 une erreur monumentale durant le temps additionnel commise par le rempla\u00e7ant de Marchal. Du coup reverra-t-on face \u00e0 nos joueurs la charni\u00e8re Choplin-Marchal\u00a0?<\/p>\n<p style=\"text-align: justify;\">De son c\u00f4t\u00e9 Mak\u00e9l\u00e9l\u00e9 sera priv\u00e9 de Diakit\u00e9 toujours en soins et de Ba suspendu. Il pourrait r\u00e9cup\u00e9rer Cahuzac mais ne veut prendre aucun risque avec son capitaine d\u2019autant, dit-il, qu\u2019il dispose de plusieurs solutions pour ce poste de milieu d\u00e9fensif.<\/p>\n<p style=\"text-align: justify;\">Le coach qui semble avoir son \u00ab\u00a011\u00a0\u00bb en t\u00eate, il ne l\u2019avait pas modifi\u00e9 alors que plusieurs titulaires avaient particip\u00e9 \u00e0 des matchs internationaux durant la mini tr\u00eave, donnera-t-il un peu plus de temps de jeu \u00e0 ses jeunes pousses\u00a0? Pas s\u00fbr car malgr\u00e9 \u00ab\u00a0les pleurs\u00a0\u00bb de Rodriguez au terme de la rencontre face aux Lensois il semble ne pas vouloir pr\u00e9cipiter leur int\u00e9gration. La saison sera longue, et avec la Coupe d\u2019Afrique des Nations d\u00e9but 2015, plusieurs titulaires seront absents et des places se lib\u00e9reront.<\/p>\n<p style=\"text-align: justify;\">Face \u00e0 une \u00e9quipe qui devra se livrer nos Bleus b\u00e9n\u00e9ficieront-ils des m\u00eames opportunit\u00e9s de contres que face aux Bordelais\u00a0? En principe oui, et Mak\u00e9l\u00e9l\u00e9 le sait bien c\u2019est pourquoi il ne changera pas de sch\u00e9ma tactique pour ce nouveau match \u00e0 l\u2019ext\u00e9rieur.<\/p>\n<p style=\"text-align: justify;\">Il n\u2019y aura pas toujours un Pallois sur la route d\u2019Ayit\u00e9 c\u2019est pourquoi nous nous rendrons au Stade St Symphorien avec plus d\u2019espoir que lors de notre dernier d\u00e9placement \u00e0 Bordeaux\u2026<\/p>\n<p>&nbsp;<\/p>\n<p><strong>FORZA BASTIA!<\/strong><\/p>\n<div class=\"pvc_clear\"><\/div>\n<p id=\"pvc_stats_5601\" class=\"pvc_stats total_only  \" data-element-id=\"5601\" style=\"\"><i class=\"pvc-stats-icon small\" aria-hidden=\"true\"><svg xmlns=\"http:\/\/www.w3.org\/2000\/svg\" version=\"1.0\" viewBox=\"0 0 502 315\" preserveAspectRatio=\"xMidYMid meet\"><g transform=\"translate(0,332) scale(0.1,-0.1)\" fill=\"\" stroke=\"none\"><path d=\"M2394 3279 l-29 -30 -3 -207 c-2 -182 0 -211 15 -242 39 -76 157 -76 196 0 15 31 17 60 15 243 l-3 209 -33 29 c-26 23 -41 29 -80 29 -41 0 -53 -5 -78 -31z\"\/><path d=\"M3085 3251 c-45 -19 -58 -50 -96 -229 -47 -217 -49 -260 -13 -295 52 -53 146 -42 177 20 16 31 87 366 87 410 0 70 -86 122 -155 94z\"\/><path d=\"M1751 3234 c-13 -9 -29 -31 -37 -50 -12 -29 -10 -49 21 -204 19 -94 39 -189 45 -210 14 -50 54 -80 110 -80 34 0 48 6 76 34 21 21 34 44 34 59 0 14 -18 113 -40 219 -37 178 -43 195 -70 221 -36 32 -101 37 -139 11z\"\/><path d=\"M1163 3073 c-36 -7 -73 -59 -73 -102 0 -56 133 -378 171 -413 34 -32 83 -37 129 -13 70 36 67 87 -16 290 -86 209 -89 214 -129 231 -35 14 -42 15 -82 7z\"\/><path d=\"M3689 3066 c-15 -9 -33 -30 -42 -48 -48 -103 -147 -355 -147 -375 0 -98 131 -148 192 -74 13 15 57 108 97 206 80 196 84 226 37 273 -30 30 -99 39 -137 18z\"\/><path d=\"M583 2784 c-38 -19 -67 -74 -58 -113 9 -42 211 -354 242 -373 16 -10 45 -18 66 -18 51 0 107 52 107 100 0 39 -1 41 -124 234 -80 126 -108 162 -133 173 -41 17 -61 16 -100 -3z\"\/><path d=\"M4250 2784 c-14 -9 -74 -91 -133 -183 -95 -150 -107 -173 -107 -213 0 -55 33 -94 87 -104 67 -13 90 8 211 198 130 202 137 225 78 284 -27 27 -42 34 -72 34 -22 0 -50 -8 -64 -16z\"\/><path d=\"M2275 2693 c-553 -48 -1095 -270 -1585 -649 -135 -104 -459 -423 -483 -476 -23 -49 -22 -139 2 -186 73 -142 361 -457 571 -626 285 -228 642 -407 990 -497 242 -63 336 -73 660 -74 310 0 370 5 595 52 535 111 1045 392 1455 803 122 121 250 273 275 326 19 41 19 137 0 174 -41 79 -309 363 -465 492 -447 370 -946 591 -1479 653 -113 14 -422 18 -536 8z m395 -428 c171 -34 330 -124 456 -258 112 -119 167 -219 211 -378 27 -96 24 -300 -5 -401 -72 -255 -236 -447 -474 -557 -132 -62 -201 -76 -368 -76 -167 0 -236 14 -368 76 -213 98 -373 271 -451 485 -162 444 86 934 547 1084 153 49 292 57 452 25z m909 -232 c222 -123 408 -262 593 -441 76 -74 138 -139 138 -144 0 -16 -233 -242 -330 -319 -155 -123 -309 -223 -461 -299 l-81 -41 32 46 c18 26 49 83 70 128 143 306 141 649 -6 957 -25 52 -61 116 -79 142 l-34 47 45 -20 c26 -10 76 -36 113 -56z m-2057 25 c-40 -58 -105 -190 -130 -263 -110 -324 -59 -707 132 -981 25 -35 42 -64 37 -64 -19 0 -241 119 -326 174 -188 122 -406 314 -532 468 l-58 71 108 103 c185 178 428 349 672 473 66 33 121 60 123 61 2 0 -10 -19 -26 -42z\"\/><path d=\"M2375 1950 c-198 -44 -350 -190 -395 -379 -18 -76 -8 -221 19 -290 114 -284 457 -406 731 -260 98 52 188 154 231 260 27 69 37 214 19 290 -38 163 -166 304 -326 360 -67 23 -215 33 -279 19z\"\/><\/g><\/svg><\/i> <img loading=\"lazy\" decoding=\"async\" width=\"16\" height=\"16\" alt=\"Loading\" src=\"https:\/\/www.turchini75.com\/v1\/wp-content\/plugins\/page-views-count\/ajax-loader-2x.gif\" border=0 \/><\/p>\n<div class=\"pvc_clear\"><\/div>\n","protected":false},"excerpt":{"rendered":"<p>Retrouvailles\u2026 &nbsp; &nbsp; Le Sporting s\u2019appr\u00eatait \u00e0 vivre une semaine cruciale puisque ce jeudi Brandao pour son geste sur Thiago Motta et les [&hellip;]<\/p>\n","protected":false},"author":2,"featured_media":5602,"comment_status":"open","ping_status":"open","sticky":false,"template":"","format":"standard","meta":{"footnotes":""},"categories":[13],"tags":[134,411],"class_list":["post-5601","post","type-post","status-publish","format-standard","has-post-thumbnail","hentry","category-actualite","tag-featured","tag-metz-bastia"],"a3_pvc":{"activated":true,"total_views":68,"today_views":0},"amp_enabled":true,"_links":{"self":[{"href":"https:\/\/www.turchini75.com\/v1\/wp-json\/wp\/v2\/posts\/5601","targetHints":{"allow":["GET"]}}],"collection":[{"href":"https:\/\/www.turchini75.com\/v1\/wp-json\/wp\/v2\/posts"}],"about":[{"href":"https:\/\/www.turchini75.com\/v1\/wp-json\/wp\/v2\/types\/post"}],"author":[{"embeddable":true,"href":"https:\/\/www.turchini75.com\/v1\/wp-json\/wp\/v2\/users\/2"}],"replies":[{"embeddable":true,"href":"https:\/\/www.turchini75.com\/v1\/wp-json\/wp\/v2\/comments?post=5601"}],"version-history":[{"count":0,"href":"https:\/\/www.turchini75.com\/v1\/wp-json\/wp\/v2\/posts\/5601\/revisions"}],"wp:featuredmedia":[{"embeddable":true,"href":"https:\/\/www.turchini75.com\/v1\/wp-json\/wp\/v2\/media\/5602"}],"wp:attachment":[{"href":"https:\/\/www.turchini75.com\/v1\/wp-json\/wp\/v2\/media?parent=5601"}],"wp:term":[{"taxonomy":"category","embeddable":true,"href":"https:\/\/www.turchini75.com\/v1\/wp-json\/wp\/v2\/categories?post=5601"},{"taxonomy":"post_tag","embeddable":true,"href":"https:\/\/www.turchini75.com\/v1\/wp-json\/wp\/v2\/tags?post=5601"}],"curies":[{"name":"wp","href":"https:\/\/api.w.org\/{rel}","templated":true}]}}