{"id":5577,"date":"2014-09-06T10:42:10","date_gmt":"2014-09-06T08:42:10","guid":{"rendered":"http:\/\/www.turchini75.com\/v1\/?p=5577"},"modified":"2014-09-06T10:42:10","modified_gmt":"2014-09-06T08:42:10","slug":"bilan-mercato","status":"publish","type":"post","link":"https:\/\/www.turchini75.com\/v1\/2014\/09\/06\/bilan-mercato\/","title":{"rendered":"Bilan Mercato\u2026"},"content":{"rendered":"<p style=\"text-align: center;\"><strong>Bilan Mercato\u2026<\/strong><\/p>\n<p>&nbsp;<\/p>\n<p>&nbsp;<\/p>\n<p style=\"text-align: justify;\">Avec 13 d\u00e9parts \u00e0 l\u2019intersaison il \u00e9tait \u00e9vident que le Sporting serait actif lors de ce mercato. A ce jour le Club a enregistr\u00e9 14 arriv\u00e9es et b\u00e9n\u00e9ficie toujours de la possibilit\u00e9 d\u2019embaucher 1 joueur sous la forme de \u00ab\u00a0joker\u00a0\u00bb et autant de ch\u00f4meur qu\u2019il le d\u00e9sire.<\/p>\n<p style=\"text-align: justify;\">Les fonds bloqu\u00e9s par la Ligue suite \u00e0 l\u2019affaire Traor\u00e9 n\u2019ont pas emp\u00each\u00e9 nos dirigeants de \u00ab\u00a0monter\u00a0\u00bb une \u00e9quipe capable de faire aussi bien que sa devanci\u00e8re m\u00eame si l\u2019objectif annonc\u00e9 est avant tout le maintien.<\/p>\n<p style=\"text-align: justify;\">Parmi ces 14 arriv\u00e9es il y a 7 contrats fermes et 7 pr\u00eats dont 4 avec une option d\u2019achat. C\u2019est un bon compromis vu les moyens financiers dont le Club dispose.<\/p>\n<p style=\"text-align: justify;\">La moyenne d\u2019\u00e2ge de l\u2019\u00e9quipe va s\u00e9rieusement chuter par rapport \u00e0 sa devanci\u00e8re\u00a0puisque la moyenne d\u2019\u00e2ge des 14 nouveaux joueurs est de 23 ans entre le benjamin Kamano (18ans) et le v\u00e9t\u00e9ran Brandao (34ans).<\/p>\n<p style=\"text-align: justify;\">Ces 14 arriv\u00e9es se d\u00e9composent en 1 gardien, 1 d\u00e9fenseur, 7 milieux et 5 attaquants. A ces joueurs il convient d\u2019ajouter Romain Achilli, Alexander Djiku et Famoussa Kon\u00e9 qui ont sign\u00e9 leur premier contrat professionnel, Thomas Vincensini qui lui a \u00e9t\u00e9 renouvel\u00e9 ainsi que Christophe Vincent qui revient d\u2019un pr\u00eat au CAB.<\/p>\n<p style=\"text-align: justify;\">Huit joueurs sont absents \u00e0 l\u2019entra\u00eenement cette semaine retenus qu\u2019ils sont pas leur s\u00e9lection respective. C\u2019est un gage de qualit\u00e9 que d\u2019avoir des internationaux, mais revers de la m\u00e9daille, un certains nombres participeront \u00e0 la Coupe d\u2019Afrique des Nations d\u00e9but 2015. Esp\u00e9rons que le Sporting ne souffrira pas trop de l\u2019absence de plusieurs de ses joueurs \u00e0 une p\u00e9riode o\u00f9 d\u00e9butera la Coupe de France, \u00e9preuve dans laquelle les dirigeants, et les accaniti, placent beaucoup d\u2019espoir.<\/p>\n<p style=\"text-align: justify;\">Pr\u00e9sentations\u2026<\/p>\n<p style=\"text-align: justify;\"><span style=\"text-decoration: underline;\"><strong>Junior Tallo. Attaquant N\u00b011<\/strong><\/span><\/p>\n<p style=\"text-align: justify;\">Premi\u00e8re recrue \u00e0 s\u2019engager avec le Sporting. Pr\u00eat\u00e9 par la Roma l\u2019an pass\u00e9 \u00e0 l\u2019A.C. Ajaccio, il va poursuivre son s\u00e9jour en Corse avec ce pr\u00eat d\u2019une saison assorti d\u2019une option d\u2019achat.<\/p>\n<p style=\"text-align: justify;\">Jeune joueur (22 ans en fin d\u2019ann\u00e9e) jouant en position d\u2019avant centre il a inscrit 8 buts en 23 matchs sous le maillot ajaccien soit un ratio d\u2019un but toutes les trois rencontres. S\u2019il poursuit sur le m\u00eame rythme il pourrait terminer la saison avec environ 13 r\u00e9alisations. C\u2019est tout le mal que nous lui souhaitons\u00a0!<\/p>\n<p style=\"text-align: justify;\">Depuis le d\u00e9but de la saison\u00a0: 2 fois titulaire, 2 entr\u00e9es en jeu, 2 buts.<\/p>\n<p style=\"text-align: justify;\"><span style=\"text-decoration: underline;\"><strong>Christopher Maboulou. Milieu N\u00b022<\/strong><\/span><\/p>\n<p style=\"text-align: justify;\">Annonc\u00e9 perdu pour le football en juillet 2011, Maboulou revient n\u00e9anmoins \u00e0 la comp\u00e9tition \u00e0 l\u2019entame de la saison 2013-2014 sous les ordres de Didier Tholot. C\u2019est donc tout naturellement par ce biais qu\u2019il d\u00e9barque au Sporting cet \u00e9t\u00e9. Novice \u00e0 ce niveau de comp\u00e9tition il d\u00e9marre tr\u00e8s fort pour son premier match avec 2 buts et un penalty obtenu face \u00e0 Marseille. Chaque fois titulaire lors des quatre premi\u00e8res rencontres il sera d\u00e9sormais en concurrence avec Ongenda.<\/p>\n<p style=\"text-align: justify;\">Depuis le d\u00e9but de la saison\u00a0: 4 fois titulaire, 2 buts.<\/p>\n<p style=\"text-align: justify;\"><span style=\"text-decoration: underline;\"><strong>Floyd Ayit\u00e9. Milieu N\u00b07<\/strong><\/span><\/p>\n<p style=\"text-align: justify;\">Premi\u00e8re recrue v\u00e9ritablement de niveau L1, Ayit\u00e9 quitte Reims o\u00f9 il a pass\u00e9 les trois derni\u00e8res saisons pour rejoindre le Sporting. Arriv\u00e9 pour remplace Khazri sur le c\u00f4t\u00e9 gauche il a toujours \u00e9t\u00e9 titularis\u00e9 depuis le d\u00e9but de la saison sans, pour l\u2019instant, atteindre le niveau qui \u00e9tait le sien la saison derni\u00e8re. Il aurait d\u00fb ouvrir son compteur but face \u00e0 Bordeaux, mais la main de Palois est pass\u00e9e par l\u00e0\u2026<\/p>\n<p style=\"text-align: justify;\">Depuis le d\u00e9but de la saison\u00a0: 4 fois titulaire.<\/p>\n<p style=\"text-align: justify;\"><span style=\"text-decoration: underline;\"><strong>Mathieu Peybernes. D\u00e9fenseur N\u00b017<\/strong><\/span><\/p>\n<p style=\"text-align: justify;\">Premier et seul d\u00e9fenseur \u00e0 ce jour recrut\u00e9 lors de ce mercato alors que dans un premier temps Modesto avait annonc\u00e9 sa fin de carri\u00e8re. Jeune joueur de 23 ans, il n\u2019a comme Boudebouz, jamais jou\u00e9 ailleurs qu\u2019\u00e0 Sochaux avant de s\u2019engager avec le Sporting. Mis sur la touche par Renard lors des matchs retour du dernier championnat, il devrait apprendre au contact de Squillaci m\u00eame si pour le moment Mak\u00e9l\u00e9l\u00e9 privil\u00e9gie la charni\u00e8re Squillaci-Romaric. Titulaire face au Paris S.G (d\u00e9faite 0-2) il est entr\u00e9 en toute fin de match \u00e0 Bordeaux.<\/p>\n<p style=\"text-align: justify;\">Depuis le d\u00e9but de la saison\u00a0: 1 fois titulaire, 1 entr\u00e9e en jeu.<\/p>\n<p style=\"text-align: justify;\"><span style=\"text-decoration: underline;\"><strong>Fran\u00e7ois Kamano. Attaquant n\u00b025<\/strong><\/span><\/p>\n<p style=\"text-align: justify;\">Tout jeune attaquant de 18 ans, Kamano d\u00e9barqu\u00e9 de sa Guin\u00e9e natale en cours de saison derni\u00e8re a particip\u00e9 \u00e0 cinq rencontres avec la CFA2.<\/p>\n<p style=\"text-align: justify;\">Apr\u00e8s de bons matchs amicaux lors de la pr\u00e9paration estivale il est retenu dans le groupe et entre en cours de jeu face \u00e0 Marseille et Paris. Il devra s\u00fbrement continuer son apprentissage avec l\u2019\u00e9quipe r\u00e9serve avec laquelle il a particip\u00e9 au match d\u2019ouverture face au Havre.<\/p>\n<p style=\"text-align: justify;\">Depuis le d\u00e9but de la saison\u00a0: 2 entr\u00e9es en jeu.<\/p>\n<p style=\"text-align: justify;\"><span style=\"text-decoration: underline;\"><strong>Guillaume Gillet. Milieu n\u00b027<\/strong><\/span><\/p>\n<p style=\"text-align: justify;\">Nous l\u2019avons personnellement d\u00e9couvert lors de la rencontre de pr\u00e9paration face au G\u00e9noa. Impressionnant\u00a0! Ce joueur Belge de 30 ans d\u00e9barque d\u2019Anderlecht o\u00f9 il \u00e9tait capitaine. Une trentaine de match europ\u00e9en, vingt s\u00e9lections en \u00e9quipe nationale \u00e0 son actif, Gillet est un gros poisson p\u00each\u00e9 par le Sporting. Gros travailleur et dot\u00e9 d\u2019une bonne technique c\u2019est depuis le d\u00e9but de la saison une des satisfactions du groupe et assur\u00e9ment la bonne pioche de ce mercato. Pr\u00eat\u00e9 avec une option d\u2019achat il ne faudra pas le laisser filer \u00e0 la fin de la saison.<\/p>\n<p style=\"text-align: justify;\">Depuis le d\u00e9but de la saison\u00a0: 4 fois titulaire.<\/p>\n<p style=\"text-align: justify;\"><span style=\"text-decoration: underline;\"><strong>Luka Kikabidz\u00e9. Milieu n\u00b021<\/strong><\/span><\/p>\n<p style=\"text-align: justify;\">Le Sporting a pay\u00e9 pour faire venir ce tr\u00e8s jeune G\u00e9orgien (19 ans) c\u2019est dire si les dirigeants fondent de gros espoir sur lui\u00a0! S\u2019il participe aux entra\u00eenements avec le groupe pro, c\u2019est avec la CFA2 qu\u2019il a disput\u00e9 ses deux premi\u00e8res rencontres sous le maillot bleu. Vu la concurrence au milieu de terrain cette saison c\u2019est plut\u00f4t un pari pour l\u2019avenir. Nous lui souhaitons plus de r\u00e9ussite que son compatriote Sanaia qui l\u2019a pr\u00e9c\u00e9d\u00e9 lors de la saison 2011-2012.<\/p>\n<p style=\"text-align: justify;\">Depuis le d\u00e9but de la saison\u00a0: 2 fois titulaire avec la CFA2<\/p>\n<p style=\"text-align: justify;\"><span style=\"text-decoration: underline;\"><strong>Alphonse Ar\u00e9ola. Gardien n\u00b01<\/strong><\/span><\/p>\n<p style=\"text-align: justify;\">Il aura fallu attendre le 28 juillet pour que le Sporting trouve enfin son titulaire pour le poste de gardien de but\u00a0! Tout juste deux petites semaines avant la reprise de la comp\u00e9tition\u2026<\/p>\n<p style=\"text-align: justify;\">C\u2019est bien connu le malheur des uns fait le bonheur des autres. Lens priv\u00e9 de recrutement, mais pas d\u2019une place usurp\u00e9e en L1, a d\u00fb renoncer \u00e0 garder Ar\u00e9ola que le PSG lui avait pr\u00eat\u00e9 la saison derni\u00e8re. Ce jeune joueur qui a connu toutes les s\u00e9lections de jeunes en \u00e9quipe de France, des moins de 16 ans aux espoirs, ne pouvait se contenter d\u2019une place de num\u00e9ro trois \u00e0 Paris. C\u2019est donc le Sporting qui va profiter cette saison des talents d\u2019Ar\u00e9ola. Grand gabarit (1,95m) il n\u2019a pas tard\u00e9 malgr\u00e9 son jeune \u00e2ge (21 ans) \u00e0 s\u2019imposer derri\u00e8re une d\u00e9fense compos\u00e9e de joueurs aussi chevronn\u00e9s que Squillaci et Romaric. La succession de Landreau n\u2019\u00e9tait pas si \u00e9vidente et malgr\u00e9 les six buts encaiss\u00e9s depuis le d\u00e9but de la saison il n\u2019a pas tard\u00e9 \u00e0 montrer un talent certain.<\/p>\n<p style=\"text-align: justify;\">Depuis le d\u00e9but de la saison\u00a0: 4 fois titulaire, 6 buts encaiss\u00e9s, 17 arr\u00eats.<\/p>\n<p style=\"text-align: justify;\"><span style=\"text-decoration: underline;\"><strong>Brandao. Attaquant n\u00b026<\/strong><\/span><\/p>\n<p style=\"text-align: justify;\">Encore un poste \u00e0 pourvoir qui aura caus\u00e9 beaucoup de tracas aux dirigeants. Avec de faibles moyens financiers pas facile de d\u00e9nicher la perle rare ou du moins le titulaire r\u00e9pondant le plus aux besoins exprim\u00e9s par le coach.<\/p>\n<p style=\"text-align: justify;\">Apr\u00e8s maintes p\u00e9rip\u00e9ties Brandao signe enfin au Sporting \u00e0 moins d\u2019une semaine de la reprise du championnat. Comme il a effectu\u00e9 la pr\u00e9paration d\u2019avant saison avec St Etienne, Mak\u00e9l\u00e9l\u00e9 n\u2019h\u00e9site pas \u00e0 le titulariser pour affronter Marseille pour le match d\u2019ouverture de la saison. S\u2019il ne marque pas sa pr\u00e9sence physique joue son r\u00f4le et finit par user des Marseillais qui repartiront avec trois buts encaiss\u00e9s.<\/p>\n<p style=\"text-align: justify;\">La 2<sup>\u00e8me<\/sup> journ\u00e9e se d\u00e9roule au Parc des Princes face au PSG. Passablement \u00e9nerv\u00e9, il a re\u00e7u un carton jaune d\u00e8s la 31<sup>\u00e8me<\/sup> minute, Mak\u00e9l\u00e9l\u00e9 le sort \u00e0 20 minutes de la fin de la rencontre. Pas suffisant pour faire retomber la pression puisque \u00e0 la fin du match il ass\u00e8ne un coup de t\u00eate au visage de Motta dans les couloirs qui m\u00e8nent aux vestiaires. Suspendu \u00e0 titre conservatoire il est convoqu\u00e9 \u00e0 la Ligue le 18 septembre prochain. Il ne fait aucun doute qu\u2019il va \u00e9coper d\u2019une lourde suspension de la part de la commission de discipline, mais il risque une peine au civil puisqu\u2019il est \u00e9galement convoqu\u00e9 devant le tribunal correctionnel le 3 novembre.<\/p>\n<p style=\"text-align: justify;\">L\u2019arriv\u00e9e dans les derni\u00e8res heures du mercato de Mokulu ne laisse gu\u00e8re de doute sur la suite de la carri\u00e8re de Brandao au Sporting.<\/p>\n<p style=\"text-align: justify;\">Depuis le d\u00e9but de la saison\u00a0: 2 fois titulaire.<\/p>\n<p style=\"text-align: justify;\"><span style=\"text-decoration: underline;\"><strong>Juan Pablo Pino. Milieu n\u00b028<\/strong><\/span><\/p>\n<p style=\"text-align: justify;\">Jusqu\u2019\u00e0 ce 5 ao\u00fbt seuls deux milieux de terrain avaient \u00e9t\u00e9 recrut\u00e9s\u00a0: Gillet et Ayit\u00e9. Ce jour l\u00e0, les dirigeants en annoncent trois d\u2019un coup\u00a0!<\/p>\n<p style=\"text-align: justify;\">Le plus connu est sans contestation possible Pino (27 ans) qui a fait les beaux jours de l\u2019AS Monaco durant cinq saisons entre 2006 et 2011 avant de se perdre entre la Turquie, l\u2019Arabie Saoudite ou la Gr\u00e8ce.<\/p>\n<p style=\"text-align: justify;\">O\u00f9 en est-il aujourd\u2019hui\u00a0? C\u2019est la grande inconnue\u00a0! Pr\u00e9sent dans le groupe lors de la r\u00e9ception de Toulouse (3<sup>\u00e8me<\/sup> journ\u00e9e) il reste cependant sur le banc contrairement au dernier match du Sporting \u00e0 Bordeaux o\u00f9 il entre en jeu pour les 25 derni\u00e8res minutes. Entr\u00e9e sans grand relief il faut bien le reconna\u00eetre. La tr\u00eave internationale va lui permettre de peaufiner sa condition physique et qui sait de revenir au niveau qui \u00e9tait le sien lors de sa p\u00e9riode mon\u00e9gasque. L\u2019ombre de Krasic hante encore les trav\u00e9es de Furiani\u2026<\/p>\n<p style=\"text-align: justify;\">Depuis le d\u00e9but de la saison\u00a0: 1 fois rempla\u00e7ant<\/p>\n<p style=\"text-align: justify;\"><span style=\"text-decoration: underline;\"><strong>Joao Rodriguez. Attaquant n\u00b024<\/strong><\/span><\/p>\n<p style=\"text-align: justify;\">Comme Pino il est Colombien. C\u2019est le seul point que les deux joueurs ont en commun. Rodriguez est un tout jeune joueur (18 ans) et il arrive du club colombien d\u2019Uniautonoma o\u00f9 Chelsea, club auquel il appartient, l\u2019a pr\u00eat\u00e9 la saison derni\u00e8re.<\/p>\n<p style=\"text-align: justify;\">Entr\u00e9 en jeu \u00e0 la 72<sup>\u00e8me<\/sup> minute au Parc des Princes il a donn\u00e9 du rythme \u00e0 un jeu bastiais bien soporifique. Il est de nouveau entr\u00e9 en jeu face \u00e0 Toulouse (74<sup>\u00e8me<\/sup>) mais il est rest\u00e9 sur le banc \u00e0 Bordeaux le Sporting ayant plus besoin de d\u00e9fendre que d\u2019attaquer notamment durant le dernier quart d\u2019heure.<\/p>\n<p style=\"text-align: justify;\">S\u2019il a montr\u00e9 beaucoup de qualit\u00e9 technique lors de ses br\u00e8ves apparitions, il faudra n\u00e9anmoins le revoir pour savoir s\u2019il a les moyens d\u2019\u00eatre un v\u00e9ritable plus pour le Sporting.<\/p>\n<p style=\"text-align: justify;\">Depuis le d\u00e9but de la saison\u00a0: 2 fois rempla\u00e7ant<\/p>\n<p style=\"text-align: justify;\"><span style=\"text-decoration: underline;\">El-Hadji Ba. Milieu n\u00b0 8<\/span><\/p>\n<p style=\"text-align: justify;\">Une saison c\u2019est long! Deux joueurs pour les postes de milieu d\u00e9fensifs c\u2019est un peu juste si l\u2019on prend en compte les risques de blessures ou de suspensions. L\u2019arriv\u00e9e de Ba \u00e0 ce poste est assur\u00e9ment une bonne chose pensons-nous \u00e0 son arriv\u00e9e d\u00e9but ao\u00fbt. La blessure de Cahuzac avant m\u00eame la deuxi\u00e8me journ\u00e9e de championnat ne peut que nous conforter dans cette id\u00e9e.<\/p>\n<p style=\"text-align: justify;\">Form\u00e9 au Havre Ba est international en U18, U19 et U20. Au terme de la saison 2012-2013 il signe \u00e0 Sunderland. Peu utilis\u00e9 il est pr\u00eat\u00e9 au Sporting o\u00f9 Mak\u00e9l\u00e9l\u00e9 lui r\u00e9serve le poste de troisi\u00e8me milieu d\u00e9fensif. Titulaire depuis ma deuxi\u00e8me journ\u00e9e il joue cr\u00e2nement sa chance au point que nous pouvons dire que le coach dispose d\u00e9sormais de trois v\u00e9ritables postulants pour deux postes. Abondance de bien ne nuit pas dit-on\u2026<\/p>\n<p style=\"text-align: justify;\">Depuis le d\u00e9but de la saison\u00a0: 3 fois titulaire<\/p>\n<p style=\"text-align: justify;\"><span style=\"text-decoration: underline;\"><strong>Benjamin Mokulu. Attaquant n\u00b014<\/strong><\/span><\/p>\n<p style=\"text-align: justify;\">1m 89, 78kg. Cela vous fait penser \u00e0 quelqu\u2019un\u00a0? Avant centre. Toujours rien\u00a0? Ce sont les mensurations de Brandao. 1m 85, 83 kg, ce sont celle de Mokulu. M\u00eame carrure, m\u00eame style de jeu, m\u00eame poste. Il ne faut pas \u00eatre devin pour comprendre que Mokulu vient pour prendre la place du Br\u00e9silien au centre de l\u2019attaque Bastiaise.<\/p>\n<p style=\"text-align: justify;\">Arriv\u00e9 dans les derni\u00e8res heures du mercato, Mokulu d\u00e9barque de Malines en Belgique apr\u00e8s \u00eatre pass\u00e9 par le FC Brussels, St Gilles, Ostende et Lokeren. Cet attaquant n\u2019a pas de stats \u00ab\u00a0\u00e9normes\u00a0\u00bb mais nous ne sommes \u00ab\u00a0que\u00a0\u00bb le Sporting et le poste d\u2019avant centre est pourvu par deux joueurs inutilisables \u00e0 l\u2019heure actuelle\u2026<\/p>\n<p style=\"text-align: justify;\">Cependant Mokulu semble avoir le profil id\u00e9al du joueur que recherchait Mak\u00e9l\u00e9l\u00e9 et qu\u2019il avait trouv\u00e9 en la personne de Brandao. Nous souhaitons \u00e0 Mokulu la m\u00eame rapidit\u00e9 d\u2019int\u00e9gration et la m\u00eame r\u00e9ussite que Gillet pour le bien du Sporting.<\/p>\n<p style=\"text-align: justify;\"><span style=\"text-decoration: underline;\"><strong>Hervin Ongenda. Attaquant<\/strong><\/span><\/p>\n<p style=\"text-align: justify;\">L\u2019arriv\u00e9e d\u2019Ongenda au Sporting aura \u00e9t\u00e9 le feuilleton de l\u2019\u00e9t\u00e9 \u00e0 Bastia. Viendra\u00a0? Viendra pas\u00a0? Faut-il que le joueur soit bon pour que Mak\u00e9l\u00e9l\u00e9 en ait fait une de ses priorit\u00e9s depuis son arriv\u00e9e au Club.<\/p>\n<p style=\"text-align: justify;\">De fait Ongenda a, tout comme son \u00ab\u00a0coll\u00e8gue\u00a0\u00bb Ar\u00e9ola, connu toutes les s\u00e9lections nationales chez les jeunes des U16 jusqu\u2019aux Espoirs. Il dispute huit rencontre l\u2019an pass\u00e9 aux c\u00f4t\u00e9s des \u00ab\u00a0stars\u00a0\u00bb du PSG ce qui est sacr\u00e9 r\u00e9f\u00e9rence eu \u00e9gard \u00e0 son jeune \u00e2ge (19 ans) et \u00e0 la concurrence qui r\u00e8gne dans ce \u00a0club. Afin d\u2019obtenir davantage de temps de jeu il souhaite \u00eatre pr\u00eat\u00e9 et se tourne tout naturellement du c\u00f4t\u00e9 de Bastia o\u00f9 officie son mentor Mak\u00e9l\u00e9l\u00e9.<\/p>\n<p style=\"text-align: justify;\">Tout proche de signer \u00e0 la veille de la rencontre PSG-Bastia du 16 ao\u00fbt dernier, \u00ab\u00a0l\u2019affaire Brandao\u00a0\u00bb semble mettre fin aux discussions entre les deux clubs. Le PSG se tourne vers d\u2019autres formations, mais c\u2019est mal conna\u00eetre la volont\u00e9 d\u2019Ongenda de rejoindre le Sporting. C\u2019est dans les toutes derni\u00e8res heures du mercato que sera conclu ce pr\u00eat.<\/p>\n<p style=\"text-align: justify;\">L\u2019envie de ce jeune joueur est telle qu\u2019il serait surprenant de ne pas le voir confirmer chez nous les promesses entrevues jusqu\u2019alors.<\/p>\n<p style=\"text-align: justify;\">Rendez-vous le samedi 13 septembre pour certains d\u2019entres-eux et la rencontre de la 5<sup>\u00e8me<\/sup> journ\u00e9e face \u00e0 Lens.<\/p>\n<p>&nbsp;<\/p>\n<p><strong>FORZA BASTIA!\u00a0<\/strong><\/p>\n<div class=\"pvc_clear\"><\/div>\n<p id=\"pvc_stats_5577\" class=\"pvc_stats total_only  \" data-element-id=\"5577\" style=\"\"><i class=\"pvc-stats-icon small\" aria-hidden=\"true\"><svg xmlns=\"http:\/\/www.w3.org\/2000\/svg\" version=\"1.0\" viewBox=\"0 0 502 315\" preserveAspectRatio=\"xMidYMid meet\"><g transform=\"translate(0,332) scale(0.1,-0.1)\" fill=\"\" stroke=\"none\"><path d=\"M2394 3279 l-29 -30 -3 -207 c-2 -182 0 -211 15 -242 39 -76 157 -76 196 0 15 31 17 60 15 243 l-3 209 -33 29 c-26 23 -41 29 -80 29 -41 0 -53 -5 -78 -31z\"\/><path d=\"M3085 3251 c-45 -19 -58 -50 -96 -229 -47 -217 -49 -260 -13 -295 52 -53 146 -42 177 20 16 31 87 366 87 410 0 70 -86 122 -155 94z\"\/><path d=\"M1751 3234 c-13 -9 -29 -31 -37 -50 -12 -29 -10 -49 21 -204 19 -94 39 -189 45 -210 14 -50 54 -80 110 -80 34 0 48 6 76 34 21 21 34 44 34 59 0 14 -18 113 -40 219 -37 178 -43 195 -70 221 -36 32 -101 37 -139 11z\"\/><path d=\"M1163 3073 c-36 -7 -73 -59 -73 -102 0 -56 133 -378 171 -413 34 -32 83 -37 129 -13 70 36 67 87 -16 290 -86 209 -89 214 -129 231 -35 14 -42 15 -82 7z\"\/><path d=\"M3689 3066 c-15 -9 -33 -30 -42 -48 -48 -103 -147 -355 -147 -375 0 -98 131 -148 192 -74 13 15 57 108 97 206 80 196 84 226 37 273 -30 30 -99 39 -137 18z\"\/><path d=\"M583 2784 c-38 -19 -67 -74 -58 -113 9 -42 211 -354 242 -373 16 -10 45 -18 66 -18 51 0 107 52 107 100 0 39 -1 41 -124 234 -80 126 -108 162 -133 173 -41 17 -61 16 -100 -3z\"\/><path d=\"M4250 2784 c-14 -9 -74 -91 -133 -183 -95 -150 -107 -173 -107 -213 0 -55 33 -94 87 -104 67 -13 90 8 211 198 130 202 137 225 78 284 -27 27 -42 34 -72 34 -22 0 -50 -8 -64 -16z\"\/><path d=\"M2275 2693 c-553 -48 -1095 -270 -1585 -649 -135 -104 -459 -423 -483 -476 -23 -49 -22 -139 2 -186 73 -142 361 -457 571 -626 285 -228 642 -407 990 -497 242 -63 336 -73 660 -74 310 0 370 5 595 52 535 111 1045 392 1455 803 122 121 250 273 275 326 19 41 19 137 0 174 -41 79 -309 363 -465 492 -447 370 -946 591 -1479 653 -113 14 -422 18 -536 8z m395 -428 c171 -34 330 -124 456 -258 112 -119 167 -219 211 -378 27 -96 24 -300 -5 -401 -72 -255 -236 -447 -474 -557 -132 -62 -201 -76 -368 -76 -167 0 -236 14 -368 76 -213 98 -373 271 -451 485 -162 444 86 934 547 1084 153 49 292 57 452 25z m909 -232 c222 -123 408 -262 593 -441 76 -74 138 -139 138 -144 0 -16 -233 -242 -330 -319 -155 -123 -309 -223 -461 -299 l-81 -41 32 46 c18 26 49 83 70 128 143 306 141 649 -6 957 -25 52 -61 116 -79 142 l-34 47 45 -20 c26 -10 76 -36 113 -56z m-2057 25 c-40 -58 -105 -190 -130 -263 -110 -324 -59 -707 132 -981 25 -35 42 -64 37 -64 -19 0 -241 119 -326 174 -188 122 -406 314 -532 468 l-58 71 108 103 c185 178 428 349 672 473 66 33 121 60 123 61 2 0 -10 -19 -26 -42z\"\/><path d=\"M2375 1950 c-198 -44 -350 -190 -395 -379 -18 -76 -8 -221 19 -290 114 -284 457 -406 731 -260 98 52 188 154 231 260 27 69 37 214 19 290 -38 163 -166 304 -326 360 -67 23 -215 33 -279 19z\"\/><\/g><\/svg><\/i> <img loading=\"lazy\" decoding=\"async\" width=\"16\" height=\"16\" alt=\"Loading\" src=\"https:\/\/www.turchini75.com\/v1\/wp-content\/plugins\/page-views-count\/ajax-loader-2x.gif\" border=0 \/><\/p>\n<div class=\"pvc_clear\"><\/div>\n","protected":false},"excerpt":{"rendered":"<p>Bilan Mercato\u2026 &nbsp; &nbsp; Avec 13 d\u00e9parts \u00e0 l\u2019intersaison il \u00e9tait \u00e9vident que le Sporting serait actif lors de ce mercato. A ce [&hellip;]<\/p>\n","protected":false},"author":2,"featured_media":5582,"comment_status":"open","ping_status":"open","sticky":false,"template":"","format":"standard","meta":{"footnotes":""},"categories":[13],"tags":[134,408],"class_list":["post-5577","post","type-post","status-publish","format-standard","has-post-thumbnail","hentry","category-actualite","tag-featured","tag-mercato-ete-2014"],"a3_pvc":{"activated":true,"total_views":52,"today_views":0},"amp_enabled":true,"_links":{"self":[{"href":"https:\/\/www.turchini75.com\/v1\/wp-json\/wp\/v2\/posts\/5577","targetHints":{"allow":["GET"]}}],"collection":[{"href":"https:\/\/www.turchini75.com\/v1\/wp-json\/wp\/v2\/posts"}],"about":[{"href":"https:\/\/www.turchini75.com\/v1\/wp-json\/wp\/v2\/types\/post"}],"author":[{"embeddable":true,"href":"https:\/\/www.turchini75.com\/v1\/wp-json\/wp\/v2\/users\/2"}],"replies":[{"embeddable":true,"href":"https:\/\/www.turchini75.com\/v1\/wp-json\/wp\/v2\/comments?post=5577"}],"version-history":[{"count":0,"href":"https:\/\/www.turchini75.com\/v1\/wp-json\/wp\/v2\/posts\/5577\/revisions"}],"wp:featuredmedia":[{"embeddable":true,"href":"https:\/\/www.turchini75.com\/v1\/wp-json\/wp\/v2\/media\/5582"}],"wp:attachment":[{"href":"https:\/\/www.turchini75.com\/v1\/wp-json\/wp\/v2\/media?parent=5577"}],"wp:term":[{"taxonomy":"category","embeddable":true,"href":"https:\/\/www.turchini75.com\/v1\/wp-json\/wp\/v2\/categories?post=5577"},{"taxonomy":"post_tag","embeddable":true,"href":"https:\/\/www.turchini75.com\/v1\/wp-json\/wp\/v2\/tags?post=5577"}],"curies":[{"name":"wp","href":"https:\/\/api.w.org\/{rel}","templated":true}]}}