{"id":5508,"date":"2014-07-17T11:58:30","date_gmt":"2014-07-17T09:58:30","guid":{"rendered":"http:\/\/www.turchini75.com\/v1\/?p=5508"},"modified":"2014-07-17T11:58:30","modified_gmt":"2014-07-17T09:58:30","slug":"5508","status":"publish","type":"post","link":"https:\/\/www.turchini75.com\/v1\/2014\/07\/17\/5508\/","title":{"rendered":""},"content":{"rendered":"<p style=\"text-align: center;\"><strong>Mises au point\u2026.<\/strong><\/p>\n<p>&nbsp;<\/p>\n<p>Dans son \u00e9dition du mercredi 16 juillet, Corse-Matin avait invit\u00e9 Pierre-Marie G\u00e9ronimi \u00e0 faire un point \u00e0 trois semaines de la reprise du championnat. Les interrogations des accaniti \u00e9tant nombreuses cette interview a-t-elle lev\u00e9 leurs doutes\u00a0? Turchini75 tente d\u2019y r\u00e9pondre.<\/p>\n<p style=\"text-align: justify;\">Tout d\u2019abord nous souhaitons remercier ceux qui ont quitt\u00e9 le Sporting \u00e0 l\u2019issue de la saison 2013-2014. Tous ont port\u00e9 nos couleurs en donnant le meilleur d\u2019eux-m\u00eames ce qui est le plus important aux yeux des Turchini. Merci donc \u00e0 Landreau, Sabl\u00e9, Ilan, Raspentino, Krasic, Bruno, Yatabar\u00e9, Maoulida. Merci \u00e0 F\u00e9thi Harek qui apr\u00e8s sept saisons au Sporting du National \u00e0 la L1 se rapproche des siens en signant \u00e0 N\u00eemes et un grand merci \u00e0 Whabi Khazri qui aura montr\u00e9 la voie aux jeunes en passant du centre de formation \u00e0 l\u2019\u00e9lite du football fran\u00e7ais et qui en signant \u00e0 Bordeaux permet au passage au Sporting d\u2019encaisser un ch\u00e8que de 2 M\u20ac qui va gommer en partie les pertes de recette dues \u00e0 la baisse des droits TV et au 1,7M\u20ac \u00ab\u00a0confisqu\u00e9s\u00a0\u00bb par la Ligue en attendant la fin de l\u2019interminable feuilleton Tour\u00e9.<\/p>\n<p style=\"text-align: justify;\">Le Sporting doit \u00e9galement faire face \u00e0 une importante baisse du nombre de ses abonn\u00e9s. Alors qu\u2019il fallait g\u00e9rer les files d\u2019attente l\u2019an pass\u00e9, aujourd\u2019hui le Club annonce 2500 r\u00e9abonnements VIP compris. A quoi est due cette d\u00e9saffection (passag\u00e8re\u00a0?) des supporters\u00a0? Le Pr\u00e9sident donne plusieurs explications (Coupe du Monde, lassitude des supporters, mauvaise communication, recrutement, \u2026). Si l\u2019ensemble de ces raisons peut justifier une certaine baisse, elles n\u2019expliquent pas tout. En p\u00e9riode de crise la hausse des tarifs de certains abonnements, aussi justifi\u00e9e soit-elle, est n\u2019en doutons pas un frein. Surtout lorsque cette hausse concerne les plus fid\u00e8les des supporters\u2026<\/p>\n<p style=\"text-align: justify;\">Moins d\u2019abonnement cela signifie moins de \u00ab\u00a0cash\u00a0\u00bb donc moins de moyens pour recruter. Moins de recrutement cela signifie, h\u00e9las, moins d\u2019abonnements. C\u2019est le cercle vicieux dans lequel se trouve actuellement notre Sporting. Avec 2500 abonn\u00e9s sur les 7500 budg\u00e9tis\u00e9s (contre plus de 11000 l\u2019an pass\u00e9) l\u2019espoir de voir arriver des joueurs de premier plan semble utopique.<\/p>\n<p style=\"text-align: justify;\">Face \u00e0 ce \u00ab\u00a0d\u00e9samour\u00a0\u00bb nous sommes plus enclins \u00e0 penser que le \u00ab\u00a0Uniti\u00a0\u00bb du d\u00e9but de cycle entre l\u2019\u00e9quipe dirigeante actuelle et les supporters est de moins en moins d\u2019actualit\u00e9. A l\u2019image des clubs \u00a0du continent le foss\u00e9 se creuse petit \u00e0 petit entre le Club et ses supporters qui sont pourtant, comme le dit Pierre-Marie G\u00e9ronimi, le socle du projet A Corsica Vince. Paradoxe\u2026<\/p>\n<p style=\"text-align: justify;\">Que le Pr\u00e9sident soit \u00ab\u00a0oblig\u00e9 de se justifier\u00a0\u00bb par l\u2019interm\u00e9diaire de Corse-Matin sur les \u00ab\u00a0cas\u00a0\u00bb Maoulida ou Penneteau est \u00e0 notre sens r\u00e9v\u00e9lateur du malaise actuel. Nous ne reviendrons pas sur le premier, les deux camps ont donn\u00e9 leur version, pour nous attarder sur le deuxi\u00e8me. Depuis le d\u00e9part de Landreau, et malgr\u00e9 les prolongations de contrat de Jean-Louis Leca et Thomas Vincensini, le Sporting cherche un gardien pour occuper la place de num\u00e9ro un. Apr\u00e8s l\u2019essai non concluant de Logan Bailly et diff\u00e9rents contacts sans suite, le poste est toujours vacant. Nicolas Penneteau, lib\u00e9r\u00e9 de son contrat \u00e0 Valenciennes, a demand\u00e9 et obtenu l\u2019autorisation de s\u2019entra\u00eener avec le groupe pro du Sporting. Vu le contexte, que les supporters en aient conclu qu\u2019il allait signer est bien compr\u00e9hensible. Seulement Penneteau est loin de faire l\u2019unanimit\u00e9 chez les accaniti. La fait-il chez les dirigeants eux-m\u00eames\u00a0? Penneteau capitaine \u00e0 Valenciennes a perdu sa place de num\u00e9ro un aux d\u00e9pends de Novaes qui lui-m\u00eame l\u2019avait perdu au Sporting aux d\u00e9pends de Bonnefoi. Voil\u00e0 le principal grief des supporters \u00e0 son encontre.<\/p>\n<p style=\"text-align: justify;\">Seulement, il a de l\u2019exp\u00e9rience, conna\u00eet la L1 et le Sporting mieux que n\u2019importe quel postulant. Alors que le nombre de candidats potentiels fond comme neige au soleil n\u2019est-ce pas la solution\u00a0? La moins mauvaise en tout cas\u2026. C\u2019est la question \u00e0 laquelle les dirigeants, mais surtout le staff technique va devoir r\u00e9pondre rapidement.<\/p>\n<p style=\"text-align: justify;\">La rencontre de pr\u00e9paration \u00e0 Corte face au Gazelec \u00a0avait pour but de faire un point apr\u00e8s une dizaine de jours d\u2019entra\u00eenement. Quels enseignements en a tir\u00e9 Mak\u00e9l\u00e9l\u00e9 qui a align\u00e9 deux \u00e9quipes tr\u00e8s diff\u00e9rentes lors de chaque mi-temps\u00a0? Peu de choses si ce n\u2019est que Logan Bailly ne fait pas l\u2019affaire, et que le poste d\u2019avant centre devra \u00eatre doubl\u00e9, Tallo ne pouvant \u00e0 lui seul tenir ce r\u00f4le si important.<\/p>\n<p style=\"text-align: justify;\">Visiblement plus personne au Club ne compte sur Ciss\u00e9 dont la carri\u00e8re de footballeur semble belle et bien termin\u00e9e. Sous contrat jusqu\u2019en juin 2016, est-il pr\u00eat \u00e0 le rompre sans l\u00e9ser le Sporting\u00a0? C\u2019est l\u00e0 tout le probl\u00e8me. Lib\u00e9r\u00e9s de son salaire les dirigeants pourraient envisager le recrutement du bon avant-centre.<\/p>\n<p style=\"text-align: justify;\">Comme pour le poste de gardien de but, l\u2019urgence commence \u00e0 se faire sentir et se n\u2019est pas l\u2019opposition de mardi soir \u00e0 l\u2019IGESA entre \u00ab\u00a0les \u00a0probables et les possibles\u00a0\u00bb qui nous fera changer d\u2019avis. Les appels du pied de Modeste resteront-ils vains \u00e0 quelques jours du d\u00e9part en stage dans les Alpes\u00a0?<\/p>\n<p style=\"text-align: justify;\">Quelle que soit la composition du groupe du tandem Makal\u00e9l\u00e9-Tholot, l\u2019objectif fix\u00e9 est la 15<sup>\u00e8me<\/sup> place. N\u2019est-ce pas un manque d\u2019ambition pour une troisi\u00e8me saison parmi l\u2019\u00e9lite alors que le Sporting a termin\u00e9 respectivement 12 et 10<sup>\u00e8me<\/sup> pour ses deux premi\u00e8res saisons depuis son retour en L1\u00a0?<\/p>\n<p style=\"text-align: justify;\">Le maintien qui \u00e9tait le seul objectif l\u2019an pass\u00e9 n\u2019a-t-il pas jou\u00e9 contre le Sporting ses joueurs donnant souvent l\u2019impression de faire le strict minimum notamment \u00e0 l\u2019ext\u00e9rieur avec une seule \u00ab\u00a0vraie\u00a0\u00bb victoire (\u00e0 Toulouse)\u00a0?<\/p>\n<p style=\"text-align: justify;\">S\u2019ils doivent g\u00e9rer le Club en \u00ab\u00a0bon p\u00e8re de famille\u00a0\u00bb nos dirigeants ne doivent-ils pas faire preuve d\u2019un peu plus d\u2019ambition\u00a0? Comme l\u2019an pass\u00e9 cinq ou six clubs se disputeront les premi\u00e8res places du classement. Il y a donc de la marge entre le principal objectif, le maintien, la quinzi\u00e8me place budg\u00e9tis\u00e9e et le haut du tableau. Ne jouons pas \u00ab\u00a0petit bras\u00a0\u00bb. Notre dix-neuvi\u00e8me budget de l\u2019an pass\u00e9 ne nous a pas emp\u00each\u00e9s de terminer devant de bien mieux lotis. Si l\u2019argent facilite bien des choses, il ne fait pas tout.<\/p>\n<p style=\"text-align: justify;\">Il reste encore 3 semaines avant la r\u00e9ception de l\u2019OM pour la premi\u00e8re journ\u00e9e de la saison 2014-2015. D\u2019ici l\u00e0 beaucoup d\u2019\u00e9v\u00e8nements seront venus rythm\u00e9s notre quotidien de supporters. Le moment venu nous referons un point et les quelques lignes qui pr\u00e9c\u00e8dent para\u00eetront s\u00fbrement bien loin de la v\u00e9rit\u00e9\u2026<\/p>\n<p>&nbsp;<\/p>\n<p>FORZA BASTIA\u00a0!<\/p>\n<p>&nbsp;<\/p>\n<div class=\"pvc_clear\"><\/div>\n<p id=\"pvc_stats_5508\" class=\"pvc_stats total_only  \" data-element-id=\"5508\" style=\"\"><i class=\"pvc-stats-icon small\" aria-hidden=\"true\"><svg xmlns=\"http:\/\/www.w3.org\/2000\/svg\" version=\"1.0\" viewBox=\"0 0 502 315\" preserveAspectRatio=\"xMidYMid meet\"><g transform=\"translate(0,332) scale(0.1,-0.1)\" fill=\"\" stroke=\"none\"><path d=\"M2394 3279 l-29 -30 -3 -207 c-2 -182 0 -211 15 -242 39 -76 157 -76 196 0 15 31 17 60 15 243 l-3 209 -33 29 c-26 23 -41 29 -80 29 -41 0 -53 -5 -78 -31z\"\/><path d=\"M3085 3251 c-45 -19 -58 -50 -96 -229 -47 -217 -49 -260 -13 -295 52 -53 146 -42 177 20 16 31 87 366 87 410 0 70 -86 122 -155 94z\"\/><path d=\"M1751 3234 c-13 -9 -29 -31 -37 -50 -12 -29 -10 -49 21 -204 19 -94 39 -189 45 -210 14 -50 54 -80 110 -80 34 0 48 6 76 34 21 21 34 44 34 59 0 14 -18 113 -40 219 -37 178 -43 195 -70 221 -36 32 -101 37 -139 11z\"\/><path d=\"M1163 3073 c-36 -7 -73 -59 -73 -102 0 -56 133 -378 171 -413 34 -32 83 -37 129 -13 70 36 67 87 -16 290 -86 209 -89 214 -129 231 -35 14 -42 15 -82 7z\"\/><path d=\"M3689 3066 c-15 -9 -33 -30 -42 -48 -48 -103 -147 -355 -147 -375 0 -98 131 -148 192 -74 13 15 57 108 97 206 80 196 84 226 37 273 -30 30 -99 39 -137 18z\"\/><path d=\"M583 2784 c-38 -19 -67 -74 -58 -113 9 -42 211 -354 242 -373 16 -10 45 -18 66 -18 51 0 107 52 107 100 0 39 -1 41 -124 234 -80 126 -108 162 -133 173 -41 17 -61 16 -100 -3z\"\/><path d=\"M4250 2784 c-14 -9 -74 -91 -133 -183 -95 -150 -107 -173 -107 -213 0 -55 33 -94 87 -104 67 -13 90 8 211 198 130 202 137 225 78 284 -27 27 -42 34 -72 34 -22 0 -50 -8 -64 -16z\"\/><path d=\"M2275 2693 c-553 -48 -1095 -270 -1585 -649 -135 -104 -459 -423 -483 -476 -23 -49 -22 -139 2 -186 73 -142 361 -457 571 -626 285 -228 642 -407 990 -497 242 -63 336 -73 660 -74 310 0 370 5 595 52 535 111 1045 392 1455 803 122 121 250 273 275 326 19 41 19 137 0 174 -41 79 -309 363 -465 492 -447 370 -946 591 -1479 653 -113 14 -422 18 -536 8z m395 -428 c171 -34 330 -124 456 -258 112 -119 167 -219 211 -378 27 -96 24 -300 -5 -401 -72 -255 -236 -447 -474 -557 -132 -62 -201 -76 -368 -76 -167 0 -236 14 -368 76 -213 98 -373 271 -451 485 -162 444 86 934 547 1084 153 49 292 57 452 25z m909 -232 c222 -123 408 -262 593 -441 76 -74 138 -139 138 -144 0 -16 -233 -242 -330 -319 -155 -123 -309 -223 -461 -299 l-81 -41 32 46 c18 26 49 83 70 128 143 306 141 649 -6 957 -25 52 -61 116 -79 142 l-34 47 45 -20 c26 -10 76 -36 113 -56z m-2057 25 c-40 -58 -105 -190 -130 -263 -110 -324 -59 -707 132 -981 25 -35 42 -64 37 -64 -19 0 -241 119 -326 174 -188 122 -406 314 -532 468 l-58 71 108 103 c185 178 428 349 672 473 66 33 121 60 123 61 2 0 -10 -19 -26 -42z\"\/><path d=\"M2375 1950 c-198 -44 -350 -190 -395 -379 -18 -76 -8 -221 19 -290 114 -284 457 -406 731 -260 98 52 188 154 231 260 27 69 37 214 19 290 -38 163 -166 304 -326 360 -67 23 -215 33 -279 19z\"\/><\/g><\/svg><\/i> <img loading=\"lazy\" decoding=\"async\" width=\"16\" height=\"16\" alt=\"Loading\" src=\"https:\/\/www.turchini75.com\/v1\/wp-content\/plugins\/page-views-count\/ajax-loader-2x.gif\" border=0 \/><\/p>\n<div class=\"pvc_clear\"><\/div>\n","protected":false},"excerpt":{"rendered":"<p>Mises au point\u2026. &nbsp; Dans son \u00e9dition du mercredi 16 juillet, Corse-Matin avait invit\u00e9 Pierre-Marie G\u00e9ronimi \u00e0 faire un point \u00e0 trois semaines [&hellip;]<\/p>\n","protected":false},"author":2,"featured_media":5509,"comment_status":"open","ping_status":"open","sticky":false,"template":"","format":"standard","meta":{"footnotes":""},"categories":[13],"tags":[155,134,401],"class_list":["post-5508","post","type-post","status-publish","format-standard","has-post-thumbnail","hentry","category-actualite","tag-bastia","tag-featured","tag-mises-au-point"],"a3_pvc":{"activated":true,"total_views":46,"today_views":0},"amp_enabled":true,"_links":{"self":[{"href":"https:\/\/www.turchini75.com\/v1\/wp-json\/wp\/v2\/posts\/5508","targetHints":{"allow":["GET"]}}],"collection":[{"href":"https:\/\/www.turchini75.com\/v1\/wp-json\/wp\/v2\/posts"}],"about":[{"href":"https:\/\/www.turchini75.com\/v1\/wp-json\/wp\/v2\/types\/post"}],"author":[{"embeddable":true,"href":"https:\/\/www.turchini75.com\/v1\/wp-json\/wp\/v2\/users\/2"}],"replies":[{"embeddable":true,"href":"https:\/\/www.turchini75.com\/v1\/wp-json\/wp\/v2\/comments?post=5508"}],"version-history":[{"count":0,"href":"https:\/\/www.turchini75.com\/v1\/wp-json\/wp\/v2\/posts\/5508\/revisions"}],"wp:featuredmedia":[{"embeddable":true,"href":"https:\/\/www.turchini75.com\/v1\/wp-json\/wp\/v2\/media\/5509"}],"wp:attachment":[{"href":"https:\/\/www.turchini75.com\/v1\/wp-json\/wp\/v2\/media?parent=5508"}],"wp:term":[{"taxonomy":"category","embeddable":true,"href":"https:\/\/www.turchini75.com\/v1\/wp-json\/wp\/v2\/categories?post=5508"},{"taxonomy":"post_tag","embeddable":true,"href":"https:\/\/www.turchini75.com\/v1\/wp-json\/wp\/v2\/tags?post=5508"}],"curies":[{"name":"wp","href":"https:\/\/api.w.org\/{rel}","templated":true}]}}