{"id":5490,"date":"2014-07-05T12:48:31","date_gmt":"2014-07-05T10:48:31","guid":{"rendered":"http:\/\/www.turchini75.com\/v1\/?p=5490"},"modified":"2014-07-05T12:54:19","modified_gmt":"2014-07-05T10:54:19","slug":"cest-reparti-2","status":"publish","type":"post","link":"https:\/\/www.turchini75.com\/v1\/2014\/07\/05\/cest-reparti-2\/","title":{"rendered":"C\u2019est reparti !"},"content":{"rendered":"<p style=\"text-align: center;\"><strong>C\u2019est reparti\u00a0!<\/strong><\/p>\n<p><strong>\u00a0<\/strong><\/p>\n<p style=\"text-align: justify;\">\u00ab\u00a0Le Sporting est-il toujours en vie\u00a0?\u00a0\u00bb. C\u2019\u00e9tait la question que nous nous posions derni\u00e8rement tant l\u2019activit\u00e9 apparente de notre Club semblait inexistante. Si pour \u00ab\u00a0le cerveau\u00a0\u00bb, la communication, l\u2019activit\u00e9 \u00e9tait belle et bien absente, pour \u00ab\u00a0le c\u0153ur\u00a0\u00bb, le sportif et tout particuli\u00e8rement le recrutement, l\u2019activit\u00e9 battait son plein. En coulisses\u2026<\/p>\n<p style=\"text-align: justify;\">Une situation qui g\u00e9n\u00e8re bien des interrogations chez les accaniti, mais qui au final est dans la logique des choses\u00a0: Ne pas d\u00e9voiler ses projets et ses pistes en mati\u00e8re de recrutement est indispensable pour un club comme le n\u00f4tre qui ne dispose pas de moyens exorbitants.<\/p>\n<p style=\"text-align: justify;\">Le coach et les dirigeants, en premier lieu Pierre-Marie G\u00e9ronimi, \u00e9taient face \u00e0 un chantier colossal apr\u00e8s les nombreux d\u00e9parts intervenus \u00e0 la fin de la saison derni\u00e8re.<\/p>\n<p style=\"text-align: justify;\">L\u2019arr\u00eat de la comp\u00e9tition de Landreau n\u2019\u00e9tant pas le moindre des probl\u00e8mes \u00e0 r\u00e9gler son remplacement est toujours en suspens. Leader dans le vestiaire, exemples en matchs comme \u00e0 l\u2019entra\u00eenement pour Leca et Vincensini, pas facile de trouver l\u2019\u00e9quivalent \u00e0 moindre co\u00fbt.<\/p>\n<p style=\"text-align: justify;\">La d\u00e9fense en grande partie renouvel\u00e9e l\u2019an pass\u00e9 ne devrait pas beaucoup \u00e9voluer malgr\u00e9 les 56 buts encaiss\u00e9s, 17<sup>\u00e8me<\/sup> juste devant les trois rel\u00e9gu\u00e9s. Si Modesto qui formait la charni\u00e8re centrale avec Squillaci a rempil\u00e9 pour une saison, sera-t-il cette fois titulaire indiscutable\u00a0? Rien n\u2019est moins s\u00fbr, un r\u00f4le d\u2019homme de vestiaires et de joueur d\u2019appoint lui semblant promis pour l\u2019exercice 2014-2015. Mathieu Peybernes, 23 ans, qui jouait \u00e0 Sochaux sera son rempla\u00e7ant, Djiku (CFA2) n\u2019ayant pas encore l\u2019\u00e9toffe pour lui succ\u00e9der. Achilli\u00a0 qui \u00e9voluait lui aussi en CFA2 a sign\u00e9 un contrat d\u2019un an. Sera-ce suffisant pour s\u2019exprimer\u00a0?<\/p>\n<p style=\"text-align: justify;\">Le \u00ab\u00a0chantier\u00a0\u00bb au milieu de terrain est bien plus important puisque Krasic, Raspentino, Yatabar\u00e9, Sabl\u00e9 et tout derni\u00e8rement Wahbi Khazri ont quitt\u00e9 le Sporting. Si tous ces joueurs sont \u00e0 saluer pour leur parcours sous le maillot bleu, Whabi doit \u00eatre remerci\u00e9 pour ses neuf saisons pass\u00e9es au Club qu\u2019il quitte pour poursuivre sa carri\u00e8re \u00e0 Bordeaux permettant au passage au Sporting d\u2019encaisser un ch\u00e8que de deux millions d\u2019euros. Nous lui souhaitons pleine r\u00e9ussite sous ses nouvelles couleurs.<\/p>\n<p style=\"text-align: justify;\">Christopher Maboulou, 24 ans, qui d\u00e9barque de Ch\u00e2teauroux o\u00f9 il a jou\u00e9 sous les ordres de Didier Tholot, est la premi\u00e8re recrue du milieu de terrain. D\u2019autres devraient suivre notamment pour le poste de r\u00e9cup\u00e9rateur \u00e0 moins que Keita (CFA2) qui a sign\u00e9 un contrat de trois ans ne soit l\u2019homme de la situation. Joseph Barbato (ex CFA2, 1 ans plus 2 ans en option) sera-t-il conserv\u00e9 au sein de l\u2019effectif ou sera-t-il pr\u00eat\u00e9 \u00e0 un autre club afin de s\u2019aguerrir\u00a0?<\/p>\n<p style=\"text-align: justify;\">Encore plus important, le \u00ab\u00a0chantier\u00a0\u00bb en attaque o\u00f9 comme lors de l\u2019intersaison 2013-2014 les d\u00e9parts ont \u00e9t\u00e9 nombreux. L\u2019incertitude qui p\u00e8se sur l\u2019avenir de Ciss\u00e9 qui devait profiter de la tr\u00eave pour soigner la blessure qui le g\u00eane depuis son arriv\u00e9e lors du mercato d\u2019hiver complique la situation. Des activit\u00e9s sans rapport avec le football l\u2019ont semble-t-il emp\u00each\u00e9 de subir l\u2019indispensable intervention chirurgicale que n\u00e9cessitait son cas. C\u2019est regrettable est met le coach dans l\u2019embarras\u2026<\/p>\n<p style=\"text-align: justify;\">Junior Tallo, 22 ans, pr\u00eat\u00e9 par l\u2019AS Roma a \u00e9t\u00e9 la premi\u00e8re recrue en attaque suivi de Floyd Ayit\u00e9, 25 ans (Ex Reims) qui lui a sign\u00e9 un bail de trois ans. Quel avenir pour Kon\u00e9 autre pensionnaire de la CFA2 qui a sign\u00e9 pour un an plus deux en option\u00a0? Sera-t-il lui aussi pr\u00eat\u00e9 ou constituera-t-il le troisi\u00e8me choix du coach\u00a0?<\/p>\n<p style=\"text-align: justify;\">Fran\u00e7ois Kamano, 18 ans avec un contrat de 4 ans et Luka Kikabidze 19 ans et un contrat de 3 ans vienne compl\u00e9ter les arriv\u00e9es de la semaine. Ces deux tr\u00e8s jeunes joueurs pour lesquels le Sporting a pay\u00e9 des indemnit\u00e9s (respectivement 200.000 et 100.000 euros) sont-ils recrut\u00e9s pour \u00e9voluer en CFA2 ou en Pro\u00a0? Peut-\u00eatre un mixte des deux au moins en d\u00e9but de saison.<\/p>\n<p style=\"text-align: justify;\">Comme nous pouvons le voir les recrues sont tr\u00e8s jeunes et le Sporting devrait perdre le qualificatif d\u2019\u00e9quipe la plus \u00e2g\u00e9e du championnat de L1. La signature de v\u00e9ritables contrats, un seul pr\u00eat \u00e0 l\u2019heure actuelle, devraient \u00e9viter en fin de saison prochaine de devoir repartir de presque z\u00e9ro \u00a0comme ces deux derni\u00e8res saisons. C\u2019est une bonne chose et cela permettra au nouveau coach de travailler dans la dur\u00e9e.<\/p>\n<p style=\"text-align: justify;\">Ces arriv\u00e9es seront-elles suffisantes pour (re)lancer la campagne d&rsquo;abonnement qui semble bien atone? Pas s\u00fbr..<\/p>\n<p style=\"text-align: justify;\">L\u2019activit\u00e9 s\u2019est donc emball\u00e9e cette semaine au Sporting et la communication avec. Cela nous a permis de visualiser les premiers reportages de la nouvelle WEB-TV. Nous pouvons d\u2019ores et d\u00e9j\u00e0 parler de r\u00e9ussite tant le contenu, la qualit\u00e9 des images et des commentaires nous changent de la fadeur de l\u2019ancienne. Nous ne doutons pas un seul instant de l\u2019am\u00e9lioration des conf\u00e9rences de presse d\u2019avant match et des interviews, mais l\u00e0 ce n\u2019est vraiment pas difficile tant ce qui nous a \u00e9t\u00e9 servi l\u2019an pass\u00e9 \u00e9tait indigne de pros des m\u00e9dias\u2026<\/p>\n<p style=\"text-align: justify;\">Si la Coupe du Monde tire \u00e0 sa fin, c\u2019est termin\u00e9 pour l\u2019\u00e9quipe de France, les choses s\u00e9rieuses ont repris du c\u00f4t\u00e9 de l\u2019IGESA avec deux s\u00e9ances quotidiennes. La premi\u00e8re rencontre de pr\u00e9paration aura lieu le 11 juillet face au Gazelec (L2) avant le d\u00e9part en stage \u00e0 Aix les Bains du 19 au 25 juillet avec quatre matchs au programme.<\/p>\n<p style=\"text-align: justify;\">D\u2019ici l\u00e0 le Club aura s\u00fbrement communiqu\u00e9 le nom du nouveau gardien de but.<\/p>\n<p>&nbsp;<\/p>\n<p><strong>FORZA BASTIA! CORSICA A VINCE!<\/strong><\/p>\n<p>&nbsp;<\/p>\n<p>&nbsp;<\/p>\n<p>&nbsp;<\/p>\n<p>&nbsp;<\/p>\n<p><strong>\u00a0<\/strong><\/p>\n<div class=\"pvc_clear\"><\/div>\n<p id=\"pvc_stats_5490\" class=\"pvc_stats total_only  \" data-element-id=\"5490\" style=\"\"><i class=\"pvc-stats-icon small\" aria-hidden=\"true\"><svg xmlns=\"http:\/\/www.w3.org\/2000\/svg\" version=\"1.0\" viewBox=\"0 0 502 315\" preserveAspectRatio=\"xMidYMid meet\"><g transform=\"translate(0,332) scale(0.1,-0.1)\" fill=\"\" stroke=\"none\"><path d=\"M2394 3279 l-29 -30 -3 -207 c-2 -182 0 -211 15 -242 39 -76 157 -76 196 0 15 31 17 60 15 243 l-3 209 -33 29 c-26 23 -41 29 -80 29 -41 0 -53 -5 -78 -31z\"\/><path d=\"M3085 3251 c-45 -19 -58 -50 -96 -229 -47 -217 -49 -260 -13 -295 52 -53 146 -42 177 20 16 31 87 366 87 410 0 70 -86 122 -155 94z\"\/><path d=\"M1751 3234 c-13 -9 -29 -31 -37 -50 -12 -29 -10 -49 21 -204 19 -94 39 -189 45 -210 14 -50 54 -80 110 -80 34 0 48 6 76 34 21 21 34 44 34 59 0 14 -18 113 -40 219 -37 178 -43 195 -70 221 -36 32 -101 37 -139 11z\"\/><path d=\"M1163 3073 c-36 -7 -73 -59 -73 -102 0 -56 133 -378 171 -413 34 -32 83 -37 129 -13 70 36 67 87 -16 290 -86 209 -89 214 -129 231 -35 14 -42 15 -82 7z\"\/><path d=\"M3689 3066 c-15 -9 -33 -30 -42 -48 -48 -103 -147 -355 -147 -375 0 -98 131 -148 192 -74 13 15 57 108 97 206 80 196 84 226 37 273 -30 30 -99 39 -137 18z\"\/><path d=\"M583 2784 c-38 -19 -67 -74 -58 -113 9 -42 211 -354 242 -373 16 -10 45 -18 66 -18 51 0 107 52 107 100 0 39 -1 41 -124 234 -80 126 -108 162 -133 173 -41 17 -61 16 -100 -3z\"\/><path d=\"M4250 2784 c-14 -9 -74 -91 -133 -183 -95 -150 -107 -173 -107 -213 0 -55 33 -94 87 -104 67 -13 90 8 211 198 130 202 137 225 78 284 -27 27 -42 34 -72 34 -22 0 -50 -8 -64 -16z\"\/><path d=\"M2275 2693 c-553 -48 -1095 -270 -1585 -649 -135 -104 -459 -423 -483 -476 -23 -49 -22 -139 2 -186 73 -142 361 -457 571 -626 285 -228 642 -407 990 -497 242 -63 336 -73 660 -74 310 0 370 5 595 52 535 111 1045 392 1455 803 122 121 250 273 275 326 19 41 19 137 0 174 -41 79 -309 363 -465 492 -447 370 -946 591 -1479 653 -113 14 -422 18 -536 8z m395 -428 c171 -34 330 -124 456 -258 112 -119 167 -219 211 -378 27 -96 24 -300 -5 -401 -72 -255 -236 -447 -474 -557 -132 -62 -201 -76 -368 -76 -167 0 -236 14 -368 76 -213 98 -373 271 -451 485 -162 444 86 934 547 1084 153 49 292 57 452 25z m909 -232 c222 -123 408 -262 593 -441 76 -74 138 -139 138 -144 0 -16 -233 -242 -330 -319 -155 -123 -309 -223 -461 -299 l-81 -41 32 46 c18 26 49 83 70 128 143 306 141 649 -6 957 -25 52 -61 116 -79 142 l-34 47 45 -20 c26 -10 76 -36 113 -56z m-2057 25 c-40 -58 -105 -190 -130 -263 -110 -324 -59 -707 132 -981 25 -35 42 -64 37 -64 -19 0 -241 119 -326 174 -188 122 -406 314 -532 468 l-58 71 108 103 c185 178 428 349 672 473 66 33 121 60 123 61 2 0 -10 -19 -26 -42z\"\/><path d=\"M2375 1950 c-198 -44 -350 -190 -395 -379 -18 -76 -8 -221 19 -290 114 -284 457 -406 731 -260 98 52 188 154 231 260 27 69 37 214 19 290 -38 163 -166 304 -326 360 -67 23 -215 33 -279 19z\"\/><\/g><\/svg><\/i> <img loading=\"lazy\" decoding=\"async\" width=\"16\" height=\"16\" alt=\"Loading\" src=\"https:\/\/www.turchini75.com\/v1\/wp-content\/plugins\/page-views-count\/ajax-loader-2x.gif\" border=0 \/><\/p>\n<div class=\"pvc_clear\"><\/div>\n","protected":false},"excerpt":{"rendered":"<p>C\u2019est reparti\u00a0! \u00a0 \u00ab\u00a0Le Sporting est-il toujours en vie\u00a0?\u00a0\u00bb. C\u2019\u00e9tait la question que nous nous posions derni\u00e8rement tant l\u2019activit\u00e9 apparente de notre Club [&hellip;]<\/p>\n","protected":false},"author":2,"featured_media":5491,"comment_status":"open","ping_status":"open","sticky":false,"template":"","format":"standard","meta":{"footnotes":""},"categories":[13],"tags":[134],"class_list":["post-5490","post","type-post","status-publish","format-standard","has-post-thumbnail","hentry","category-actualite","tag-featured"],"a3_pvc":{"activated":true,"total_views":60,"today_views":0},"amp_enabled":true,"_links":{"self":[{"href":"https:\/\/www.turchini75.com\/v1\/wp-json\/wp\/v2\/posts\/5490","targetHints":{"allow":["GET"]}}],"collection":[{"href":"https:\/\/www.turchini75.com\/v1\/wp-json\/wp\/v2\/posts"}],"about":[{"href":"https:\/\/www.turchini75.com\/v1\/wp-json\/wp\/v2\/types\/post"}],"author":[{"embeddable":true,"href":"https:\/\/www.turchini75.com\/v1\/wp-json\/wp\/v2\/users\/2"}],"replies":[{"embeddable":true,"href":"https:\/\/www.turchini75.com\/v1\/wp-json\/wp\/v2\/comments?post=5490"}],"version-history":[{"count":0,"href":"https:\/\/www.turchini75.com\/v1\/wp-json\/wp\/v2\/posts\/5490\/revisions"}],"wp:featuredmedia":[{"embeddable":true,"href":"https:\/\/www.turchini75.com\/v1\/wp-json\/wp\/v2\/media\/5491"}],"wp:attachment":[{"href":"https:\/\/www.turchini75.com\/v1\/wp-json\/wp\/v2\/media?parent=5490"}],"wp:term":[{"taxonomy":"category","embeddable":true,"href":"https:\/\/www.turchini75.com\/v1\/wp-json\/wp\/v2\/categories?post=5490"},{"taxonomy":"post_tag","embeddable":true,"href":"https:\/\/www.turchini75.com\/v1\/wp-json\/wp\/v2\/tags?post=5490"}],"curies":[{"name":"wp","href":"https:\/\/api.w.org\/{rel}","templated":true}]}}