{"id":4650,"date":"2013-06-30T21:46:12","date_gmt":"2013-06-30T19:46:12","guid":{"rendered":"http:\/\/www.turchini75.com\/v1\/?p=4650"},"modified":"2015-01-20T01:30:55","modified_gmt":"2015-01-19T23:30:55","slug":"assemblee-generale-saison-2012-2013","status":"publish","type":"post","link":"https:\/\/www.turchini75.com\/v1\/2013\/06\/30\/assemblee-generale-saison-2012-2013\/","title":{"rendered":"Assembl\u00e9e G\u00e9n\u00e9rale Saison 2012 \u2013 2013"},"content":{"rendered":"<p style=\"text-align: center;\"><strong>CLUB DES SUPPORTERS<\/strong> <strong>DU S.C. BASTIA A PARIS<\/strong><\/p>\n<p style=\"text-align: center;\"><strong>L\u2019Elys\u00e9e Saint Honor\u00e9<\/strong><\/p>\n<p style=\"text-align: center;\"><strong>130 Rue du Fg Saint Honor\u00e9<\/strong> <strong>75008 Paris<\/strong><\/p>\n<p style=\"text-align: center;\"><strong>T\u00e9l. : 01 42 25 07 77<\/strong><\/p>\n<p style=\"text-align: center;\"><strong>www.turchini75.com<\/strong><\/p>\n<p style=\"text-align: center;\">ASSEMBLEE GENERALE<\/p>\n<p style=\"text-align: center;\">Saison 2012\/2013<\/p>\n<p>&nbsp;<\/p>\n<p>&nbsp;<\/p>\n<p>Le Club des Supporters du SC Bastia \u00e0 Paris a tenu son Assembl\u00e9e G\u00e9n\u00e9rale ordinaire le vendredi 21\u00a0 juin 2013 \u00e0 son si\u00e8ge, dans les locaux de la brasserie \u00ab\u00a0L\u2019Elys\u00e9e Saint Honor\u00e9\u00bb, 130 Rue du Fg Saint Honor\u00e9, 75008 Paris.<\/p>\n<p>&nbsp;<\/p>\n<p>Etaient pr\u00e9sents\u00a0ou repr\u00e9sent\u00e9s: Pierre Andr\u00e9ani, Philippe Antolini, Dominique Astolfi, Marie-Caroline Astolfi, Jean Baptiste Astolfi, Jean Paul Battesti, Christian Blasini, Alexandre Blasini, Maryline Bouguet-Fuster, Baptiste Bouguet-Fuster, Jean No\u00ebl Bur\u00e9si, Jacques Chevrier, Jean-Pierre Cun\u00e9o, Benjamin Cun\u00e9o, Andr\u00e9 du Temple, Michel Fuster, Marcelle Fuster, Caroline Lanata, Yves Leclerc, Fanny Leclerc, Jean-Marc Pannier-Martini, Laurent Paoli, Cyril Piquet, Fran\u00e7oise, Pierre Vinciguerra, J\u00e9r\u00f4me Vinciguerra.<\/p>\n<p>Est excus\u00e9\u00a0: Jacques Papot<\/p>\n<p>&nbsp;<\/p>\n<p>Le Pr\u00e9sident ouvre la s\u00e9ance \u00e0 20 heures le quorum \u00e9tant atteint. Il remercie les participants et tout particuli\u00e8rement Michel Fuster pr\u00e9sent malgr\u00e9 des ennuis de sant\u00e9.<\/p>\n<p>&nbsp;<\/p>\n<p>Le Secr\u00e9taire dresse le bilan des diverses actions entreprises durant la saison 2012-2013 (Un compte-rendu est joint en annexe).<\/p>\n<p>&nbsp;<\/p>\n<p style=\"text-align: justify;\">Le Tr\u00e9sorier pr\u00e9sente le bilan financier. Le bilan comptable laisse appara\u00eetre un d\u00e9ficit d\u2019environ 200\u20ac. Ce d\u00e9ficit est du en grande partie \u00e0 la soir\u00e9e \u00a0organis\u00e9e au si\u00e8ge o\u00f9 nous avons re\u00e7u plusieurs dirigeants du Sporting la veille du match PSG-BASTIA. Les d\u00e9placements en car ont \u00e9galement \u00e9t\u00e9 d\u00e9ficitaires, mais ces pertes ont \u00e9t\u00e9 en partie gomm\u00e9es gr\u00e2ce \u00e0 la vente de la totalit\u00e9 des \u00e9charpes comm\u00e9morant les quarante ans de l\u2019Association. Aucune r\u00e9serve n\u2019\u00e9tant port\u00e9e, le bilan\u00a0 est approuv\u00e9 \u00e0 l\u2019unanimit\u00e9 de l\u2019assembl\u00e9e.<\/p>\n<p><b><span style=\"text-decoration: underline;\">Election du Conseil d\u2019Administration 2013\/2014<\/span><\/b>\u00a0:<\/p>\n<p>&nbsp;<\/p>\n<p>6 membres sont \u00e9lus ou r\u00e9\u00e9lus\u00a0:<\/p>\n<p>&nbsp;<\/p>\n<p>&#8211; Pierre Vinciguerra\u00a0\u00a0 : r\u00e9\u00e9lu<\/p>\n<p>&#8211; Michel Fuster : r\u00e9\u00e9lu<\/p>\n<p>&#8211; Yves Leclerc\u00a0: r\u00e9\u00e9lu<\/p>\n<p>&#8211; Andr\u00e9 Du Temple\u00a0: r\u00e9\u00e9lu<\/p>\n<p>&#8211; Jean-Marc Pannier-Martini\u00a0: r\u00e9\u00e9lu<\/p>\n<p>&#8211; Jacques Papot: r\u00e9\u00e9lu<\/p>\n<p>&#8211; Christian Blasini\u00a0: \u00e9lu<\/p>\n<p><b><span style=\"text-decoration: underline;\">Comit\u00e9 Directeur\u00a0saison 2013\/2014\u00a0:<\/span><\/b><\/p>\n<p>A l\u2019issue d\u2019un vote \u00e0 bulletins secrets, le Comit\u00e9 Directeur se compose de\u00a0:<\/p>\n<p>&nbsp;<\/p>\n<p>&#8211;\u00a0\u00a0 Pr\u00e9sident \u00a0\u00a0\u00a0\u00a0\u00a0\u00a0\u00a0\u00a0\u00a0\u00a0\u00a0\u00a0\u00a0\u00a0\u00a0\u00a0\u00a0\u00a0\u00a0\u00a0\u00a0\u00a0\u00a0\u00a0\u00a0\u00a0\u00a0\u00a0\u00a0\u00a0\u00a0\u00a0\u00a0\u00a0\u00a0\u00a0\u00a0\u00a0\u00a0\u00a0\u00a0\u00a0\u00a0\u00a0\u00a0\u00a0\u00a0\u00a0\u00a0\u00a0\u00a0\u00a0\u00a0\u00a0\u00a0\u00a0\u00a0\u00a0\u00a0\u00a0\u00a0\u00a0\u00a0\u00a0 :\u00a0\u00a0\u00a0\u00a0\u00a0\u00a0\u00a0\u00a0\u00a0\u00a0\u00a0\u00a0\u00a0\u00a0\u00a0\u00a0\u00a0 Pierre Vinciguerra (R\u00e9\u00e9lu)<\/p>\n<p>&#8211;\u00a0\u00a0 Vice-Pr\u00e9sident\u00a0\u00a0\u00a0\u00a0\u00a0\u00a0\u00a0\u00a0\u00a0\u00a0\u00a0\u00a0\u00a0\u00a0\u00a0\u00a0\u00a0\u00a0\u00a0\u00a0\u00a0\u00a0\u00a0\u00a0\u00a0\u00a0\u00a0\u00a0\u00a0\u00a0\u00a0\u00a0\u00a0\u00a0\u00a0\u00a0\u00a0\u00a0\u00a0\u00a0\u00a0\u00a0\u00a0\u00a0\u00a0\u00a0\u00a0\u00a0\u00a0\u00a0\u00a0\u00a0\u00a0\u00a0\u00a0\u00a0 :\u00a0\u00a0\u00a0\u00a0\u00a0\u00a0\u00a0\u00a0\u00a0\u00a0\u00a0\u00a0\u00a0\u00a0\u00a0\u00a0\u00a0 Michel Fuster (R\u00e9\u00e9lu)<\/p>\n<p>&#8211;\u00a0\u00a0 Tr\u00e9sorier G\u00e9n\u00e9ral\u00a0\u00a0\u00a0\u00a0\u00a0\u00a0\u00a0\u00a0\u00a0\u00a0\u00a0\u00a0\u00a0\u00a0\u00a0\u00a0\u00a0\u00a0\u00a0\u00a0\u00a0\u00a0\u00a0\u00a0\u00a0\u00a0\u00a0\u00a0\u00a0\u00a0\u00a0\u00a0\u00a0\u00a0\u00a0\u00a0\u00a0\u00a0\u00a0\u00a0\u00a0\u00a0\u00a0\u00a0\u00a0\u00a0\u00a0\u00a0\u00a0\u00a0\u00a0 :\u00a0\u00a0\u00a0\u00a0\u00a0\u00a0\u00a0\u00a0\u00a0\u00a0\u00a0\u00a0\u00a0\u00a0\u00a0\u00a0\u00a0 Jean No\u00ebl Bur\u00e9si<\/p>\n<p>&#8211;\u00a0\u00a0 Secr\u00e9taire G\u00e9n\u00e9ral\u00a0\u00a0\u00a0\u00a0\u00a0\u00a0\u00a0\u00a0\u00a0\u00a0\u00a0\u00a0\u00a0\u00a0\u00a0\u00a0\u00a0\u00a0\u00a0\u00a0\u00a0\u00a0\u00a0\u00a0\u00a0\u00a0\u00a0\u00a0\u00a0\u00a0\u00a0\u00a0\u00a0\u00a0\u00a0\u00a0\u00a0\u00a0\u00a0\u00a0\u00a0\u00a0\u00a0\u00a0\u00a0\u00a0\u00a0\u00a0\u00a0 :\u00a0\u00a0\u00a0\u00a0\u00a0\u00a0\u00a0\u00a0\u00a0\u00a0\u00a0\u00a0\u00a0\u00a0\u00a0\u00a0\u00a0 Yves Leclerc (R\u00e9\u00e9lu)<\/p>\n<p>&#8211;\u00a0\u00a0 Membres du Comit\u00e9 Directeur\u00a0\u00a0\u00a0\u00a0\u00a0\u00a0\u00a0\u00a0\u00a0\u00a0\u00a0\u00a0\u00a0\u00a0\u00a0\u00a0\u00a0\u00a0\u00a0\u00a0\u00a0\u00a0\u00a0\u00a0\u00a0\u00a0\u00a0 :\u00a0\u00a0\u00a0\u00a0\u00a0\u00a0\u00a0\u00a0\u00a0\u00a0\u00a0\u00a0\u00a0\u00a0\u00a0\u00a0\u00a0 Marie-Caroline Astolfi et Jean Pierre Cun\u00e9o<\/p>\n<p>&nbsp;<\/p>\n<p>&nbsp;<\/p>\n<p><b><span style=\"text-decoration: underline;\">Montant des cotisations pour la saison 2013 \/ 2014\u00a0:<\/span><\/b><\/p>\n<p>&nbsp;<\/p>\n<p>Les cotisations restent inchang\u00e9es \u00e0 savoir\u00a0:<\/p>\n<p>&nbsp;<\/p>\n<p>&#8211;\u00a0 Membre Bienfaiteur\u00a0\u00a0\u00a0\u00a0\u00a0\u00a0\u00a0\u00a0\u00a0\u00a0\u00a0\u00a0\u00a0\u00a0\u00a0\u00a0\u00a0\u00a0\u00a0\u00a0\u00a0\u00a0\u00a0\u00a0\u00a0\u00a0\u00a0\u00a0\u00a0\u00a0\u00a0\u00a0\u00a0\u00a0\u00a0\u00a0\u00a0\u00a0\u00a0\u00a0\u00a0\u00a0\u00a0\u00a0\u00a0\u00a0\u00a0\u00a0\u00a0 :\u00a0\u00a0\u00a0\u00a0\u00a0\u00a0\u00a0\u00a0\u00a0\u00a0\u00a0\u00a0\u00a0\u00a0\u00a0\u00a0\u00a0 40 \u20ac et plus<\/p>\n<p>&#8211;\u00a0 Membre Actif\u00a0\u00a0\u00a0\u00a0\u00a0\u00a0\u00a0\u00a0\u00a0\u00a0\u00a0\u00a0\u00a0\u00a0\u00a0\u00a0\u00a0\u00a0\u00a0\u00a0\u00a0\u00a0\u00a0\u00a0\u00a0\u00a0\u00a0\u00a0\u00a0\u00a0\u00a0\u00a0\u00a0\u00a0\u00a0\u00a0\u00a0\u00a0\u00a0\u00a0\u00a0\u00a0\u00a0\u00a0\u00a0\u00a0\u00a0\u00a0\u00a0\u00a0\u00a0\u00a0\u00a0\u00a0\u00a0\u00a0\u00a0\u00a0\u00a0 :\u00a0\u00a0\u00a0\u00a0\u00a0\u00a0\u00a0\u00a0\u00a0\u00a0\u00a0\u00a0\u00a0\u00a0\u00a0\u00a0\u00a0 25 \u20ac<\/p>\n<p>&#8211;\u00a0 Membre Sympathisant\u00a0\u00a0\u00a0\u00a0\u00a0\u00a0\u00a0\u00a0\u00a0\u00a0\u00a0\u00a0\u00a0\u00a0\u00a0\u00a0\u00a0\u00a0\u00a0\u00a0\u00a0\u00a0\u00a0\u00a0\u00a0\u00a0\u00a0\u00a0\u00a0\u00a0\u00a0\u00a0\u00a0\u00a0\u00a0\u00a0\u00a0\u00a0\u00a0\u00a0\u00a0\u00a0\u00a0\u00a0 :\u00a0\u00a0\u00a0\u00a0\u00a0\u00a0\u00a0\u00a0\u00a0\u00a0\u00a0\u00a0\u00a0\u00a0\u00a0\u00a0\u00a0 15 \u20ac<\/p>\n<p>&#8211;\u00a0 Membre Etudiant\u00a0\u00a0\u00a0\u00a0\u00a0\u00a0\u00a0\u00a0\u00a0\u00a0\u00a0\u00a0\u00a0\u00a0\u00a0\u00a0\u00a0\u00a0\u00a0\u00a0\u00a0\u00a0\u00a0\u00a0\u00a0\u00a0\u00a0\u00a0\u00a0\u00a0\u00a0\u00a0\u00a0\u00a0\u00a0\u00a0\u00a0\u00a0\u00a0\u00a0\u00a0\u00a0\u00a0\u00a0\u00a0\u00a0\u00a0\u00a0\u00a0\u00a0\u00a0\u00a0\u00a0 :\u00a0\u00a0\u00a0\u00a0\u00a0\u00a0\u00a0\u00a0\u00a0\u00a0\u00a0\u00a0\u00a0\u00a0\u00a0\u00a0\u00a0 10 \u20ac<\/p>\n<p>&nbsp;<\/p>\n<p align=\"center\">**********<\/p>\n<p>&nbsp;<\/p>\n<p>&nbsp;<\/p>\n<ul>\n<li>Le Pr\u00e9sident remercie le tr\u00e9sorier et le secr\u00e9taire pour le travail accompli durant cette ann\u00e9e.<\/li>\n<\/ul>\n<p>&nbsp;<\/p>\n<ul>\n<li style=\"text-align: justify;\">Le Pr\u00e9sident se f\u00e9licite du nombre de d\u00e9placements en car effectu\u00e9s cette saison. M\u00eame s\u2019ils ont \u00e9t\u00e9 l\u00e9g\u00e8rement d\u00e9ficitaires le but premier de notre Association est d\u2019apporter notre soutien aux joueurs sur les diff\u00e9rents stades de l\u2019hexagone. Cependant afin de fid\u00e9liser les participants \u00e0 ces d\u00e9placements il est d\u00e9cid\u00e9 d\u2019augmenter la diff\u00e9rence de tarifs entre les adh\u00e9rents et les non-adh\u00e9rents. Cette diff\u00e9rence de 5\u20ac cette saison passera \u00e0 10\u20ac la saison prochaine.<\/li>\n<\/ul>\n<p><strong>.\u00a0 <\/strong>Un tirage au sort parmi les adh\u00e9rents sera effectu\u00e9 en fin de saison. Le vainqueur se verra remettre un lot.<\/p>\n<p>&nbsp;<\/p>\n<ul>\n<li>Des prospections vont \u00eatre effectu\u00e9es afin de proposer \u00e0 la vente des gadgets avec le logo de notre Association. Un polo, un porte-clef ou un fanion sont les pistes qui vont \u00eatre \u00e9tudi\u00e9es.<\/li>\n<\/ul>\n<p>&nbsp;<\/p>\n<ul>\n<li>L\u2019Assembl\u00e9e G\u00e9n\u00e9rale note la bonne tenue du site de l\u2019Association. La mise \u00e0 jour permanente est particuli\u00e8rement appr\u00e9ci\u00e9e.<\/li>\n<\/ul>\n<p>&nbsp;<\/p>\n<ul>\n<li>Le Pr\u00e9sident f\u00e9licite les nombreux supporters ayant soutenu l\u2019\u00e9quipe lors des matchs jou\u00e9s sur le continent. Il tient \u00e0 remercier les dirigeants du Sporting et tout particuli\u00e8rement M. Jo Bonavita pour l\u2019attention port\u00e9e aux supporters lors de ces d\u00e9placements.<\/li>\n<\/ul>\n<p>&nbsp;<\/p>\n<ul>\n<li>Micka\u00ebl Landreau est le vainqueur du challenge du Meilleur Joueur de la saison 2012 \/ 2013. Il succ\u00e8de \u00e0 Magno Mac\u00e9do Novaes. Florian Thauvin termine second Anthony Modeste troisi\u00e8me. Neuf joueurs diff\u00e9rents ont obtenu des voix.<\/li>\n<\/ul>\n<p>&nbsp;<\/p>\n<p>&nbsp;<\/p>\n<p>L\u2019ordre du jour \u00e9tant \u00e9puis\u00e9, le Pr\u00e9sident remercie encore les participants \u00e0 cette assembl\u00e9e g\u00e9n\u00e9rale.<\/p>\n<p>La s\u00e9ance est lev\u00e9e \u00e0 21 heures 30.<\/p>\n<p>&nbsp;<\/p>\n<p style=\"text-align: center;\">****************************<\/p>\n<div>\n<p style=\"text-align: center;\"><strong>COMPTE-RENDU DU SECRETAIRE GENERAL<\/strong><\/p>\n<p style=\"text-align: center;\"><strong>SAISON 2012-2013<\/strong><\/p>\n<\/div>\n<p>&nbsp;<\/p>\n<p><span style=\"text-decoration: underline;\">\u00a0<strong>Adh\u00e9sions<\/strong><\/span><\/p>\n<p>&nbsp;<\/p>\n<p>Au 21 juin 2013, nous\u00a0 comptons 55 adh\u00e9rents.<\/p>\n<p>&nbsp;<\/p>\n<p>&#8211;\u00a0\u00a0\u00a0\u00a0\u00a0\u00a0\u00a0\u00a0\u00a0 15 membres bienfaiteurs<\/p>\n<p>&#8211;\u00a0\u00a0\u00a0\u00a0\u00a0\u00a0\u00a0\u00a0\u00a0 16 membres actifs<\/p>\n<p>&#8211;\u00a0\u00a0\u00a0\u00a0\u00a0\u00a0\u00a0\u00a0\u00a0 17 membres sympathisants<\/p>\n<p>&#8211;\u00a0\u00a0\u00a0\u00a0\u00a0\u00a0\u00a0\u00a0\u00a0 \u00a0\u00a07 membres \u00e9tudiants<\/p>\n<p>&nbsp;<\/p>\n<p>&nbsp;<\/p>\n<p><span style=\"text-decoration: underline;\"><strong>Conseil d\u2019administration<\/strong><\/span><\/p>\n<p>&nbsp;<\/p>\n<p style=\"text-align: justify;\">Conform\u00e9ment \u00e0 ses statuts le Conseil d\u2019Administration a tenu deux s\u00e9ances durant la saison La premi\u00e8re de ces s\u00e9ances \u00e9tait consacr\u00e9e \u00e0 l\u2019organisation de la r\u00e9ception des dirigeants pour la soir\u00e9e du 8 f\u00e9vrier 2013 ainsi qu\u2019\u00e0 la mise en place de la vente des billets du match PSG-BASTIA. La deuxi\u00e8me \u00e0 la pr\u00e9paration de l\u2019assembl\u00e9e g\u00e9n\u00e9rale.<\/p>\n<p>&nbsp;<\/p>\n<p><span style=\"text-decoration: underline;\"><strong>D\u00e9placements effectu\u00e9s<\/strong><\/span><\/p>\n<p>&nbsp;<\/p>\n<p>Le Club des Supporters de Bastia \u00e0 Paris a \u00e9t\u00e9 repr\u00e9sent\u00e9 lors de 19 rencontres cette saison, dont 18 d\u00e9placements et le match au Parc des Princes contre le PSG.<\/p>\n<p>&nbsp;<\/p>\n<p>5 de ces d\u00e9placements ont \u00e9t\u00e9 effectu\u00e9s en car\u00a0: A Lille (53 participants), Reims (57 participants), Auxerre face \u00e0 Evian TG (44 participants), Troyes (48 participants) et Valenciennes (49 participants). 2 ont \u00e9t\u00e9 effectu\u00e9s avec des minibus pour se rendre \u00e0 St Etienne (19 participants\u00a0!) puis Bordeaux et 10 en voitures particuli\u00e8res et\u00a0 enfin \u00e0 Ajaccio.<\/p>\n<p>&nbsp;<\/p>\n<p>Jean-No\u00ebl vous pr\u00e9sentera le bilan financier de ces d\u00e9placements.<\/p>\n<p>&nbsp;<\/p>\n<p>La Coupe de la Ligue avec ses 3 matchs \u00e0 Furiani ne nous a pas donn\u00e9 l\u2019occasion d\u2019encourager nos joueurs, tout comme en Coupe de France ou nos joueurs ont \u00e9t\u00e9 sortis en 1\/32<sup>\u00e8me<\/sup> par le CAB.<\/p>\n<p>&nbsp;<\/p>\n<p>&nbsp;<\/p>\n<p>Les dirigeants du Sporting, le staff technique et les joueurs ont particuli\u00e8rement appr\u00e9ci\u00e9 ce soutien, et nous l\u2019ont fait savoir \u00e0 plusieurs reprises.<\/p>\n<p>&nbsp;<\/p>\n<p><span style=\"text-decoration: underline;\"><strong>Soir\u00e9es<\/strong><\/span><\/p>\n<p>&nbsp;<\/p>\n<p>La traditionnelle soir\u00e9e \u00ab\u00a0Corse\u00a0\u00bb s\u2019est transform\u00e9e en une soir\u00e9e \u00ab\u00a0rencontre\u00a0\u00bb avec plusieurs dirigeants du Sporting la veille de la rencontre face au PSG.<\/p>\n<p>&nbsp;<\/p>\n<p>Ce fut l\u2019occasion pour notre Pr\u00e9sident d\u2019insister sur la vocation de notre Association \u00e0 savoir un soutien inconditionnel au Sporting sans toutefois s\u2019immiscer dans la gestion du Club. En retour, Jo Franchescini a tenu \u00e0 f\u00e9liciter et \u00e0 remercier Le Club des Supporters de Bastia \u00e0 Paris pour son action depuis plus de 40 ans.<\/p>\n<p>&nbsp;<\/p>\n<p>&nbsp;<\/p>\n<p><b><span style=\"text-decoration: underline;\">Communication<\/span><i><\/i><\/b><\/p>\n<p>&nbsp;<\/p>\n<p>Exclusivement par l\u2019interm\u00e9diaire de notre site Internet, elle met \u00e0 l\u2019\u00e9cart ceux qui n\u2019y ont pas acc\u00e8s. Il serait peut-\u00eatre opportun de resserrer les liens avec nos adh\u00e9rents par courrier.<\/p>\n<p>&nbsp;<\/p>\n<p>Notre site Internet est en continuelle \u00e9volution. L\u2019augmentation significative du nombre de visites en un an est tr\u00e8s encourageante.<\/p>\n<p>&nbsp;<\/p>\n<p><span style=\"text-decoration: underline;\">Quelques chiffres\u00a0:<\/span><\/p>\n<p>26264 visiteurs en 2011.<\/p>\n<p>29885 visiteurs en 2012.<\/p>\n<p>Une moyenne de 82 visites par jour.<\/p>\n<p>400 articles dont pr\u00e8s de 200 pour l\u2019ann\u00e9e 2012.<\/p>\n<p>&nbsp;<\/p>\n<p><span style=\"text-decoration: underline;\"><strong>R\u00e9compense\u00a0<\/strong><\/span><\/p>\n<p>&nbsp;<\/p>\n<p>Le titre de meilleur joueur de la saison 2012-2013 a \u00e9t\u00e9 attribu\u00e9 par les adh\u00e9rents \u00e0 Micka\u00ebl Landreau. Il devance respectivement Florian Thauvin et Anthony Modeste.<\/p>\n<p>&nbsp;<\/p>\n<p><b><span style=\"text-decoration: underline;\">Remerciements<\/span><i><\/i><\/b><i><\/i><\/p>\n<p><i>\u00a0<\/i><\/p>\n<p>Le conseil d\u2019Administration tient \u00e0 remercier, une nouvelle fois, les dirigeants du Sporting, et tout particuli\u00e8rement Jo Bonavita qui nous a aid\u00e9s \u00e0 chacun de nos d\u00e9placements. Nous remercions \u00e9galement l\u2019ensemble du staff technique et des joueurs pour la disponibilit\u00e9 et leur gentillesse dont ils ont fait preuve \u00e0 l\u2019issue de chacun des matchs bien que les mesures de s\u00e9curit\u00e9 soient tr\u00e8s strictes \u00e0 ce niveau de comp\u00e9tition.<\/p>\n<p>&nbsp;<\/p>\n<p>&nbsp;<\/p>\n<p>&nbsp;<\/p>\n<p>&nbsp;<\/p>\n<p>&nbsp;<\/p>\n<p>&nbsp;<\/p>\n<div class=\"pvc_clear\"><\/div>\n<p id=\"pvc_stats_4650\" class=\"pvc_stats total_only  \" data-element-id=\"4650\" style=\"\"><i class=\"pvc-stats-icon small\" aria-hidden=\"true\"><svg xmlns=\"http:\/\/www.w3.org\/2000\/svg\" version=\"1.0\" viewBox=\"0 0 502 315\" preserveAspectRatio=\"xMidYMid meet\"><g transform=\"translate(0,332) scale(0.1,-0.1)\" fill=\"\" stroke=\"none\"><path d=\"M2394 3279 l-29 -30 -3 -207 c-2 -182 0 -211 15 -242 39 -76 157 -76 196 0 15 31 17 60 15 243 l-3 209 -33 29 c-26 23 -41 29 -80 29 -41 0 -53 -5 -78 -31z\"\/><path d=\"M3085 3251 c-45 -19 -58 -50 -96 -229 -47 -217 -49 -260 -13 -295 52 -53 146 -42 177 20 16 31 87 366 87 410 0 70 -86 122 -155 94z\"\/><path d=\"M1751 3234 c-13 -9 -29 -31 -37 -50 -12 -29 -10 -49 21 -204 19 -94 39 -189 45 -210 14 -50 54 -80 110 -80 34 0 48 6 76 34 21 21 34 44 34 59 0 14 -18 113 -40 219 -37 178 -43 195 -70 221 -36 32 -101 37 -139 11z\"\/><path d=\"M1163 3073 c-36 -7 -73 -59 -73 -102 0 -56 133 -378 171 -413 34 -32 83 -37 129 -13 70 36 67 87 -16 290 -86 209 -89 214 -129 231 -35 14 -42 15 -82 7z\"\/><path d=\"M3689 3066 c-15 -9 -33 -30 -42 -48 -48 -103 -147 -355 -147 -375 0 -98 131 -148 192 -74 13 15 57 108 97 206 80 196 84 226 37 273 -30 30 -99 39 -137 18z\"\/><path d=\"M583 2784 c-38 -19 -67 -74 -58 -113 9 -42 211 -354 242 -373 16 -10 45 -18 66 -18 51 0 107 52 107 100 0 39 -1 41 -124 234 -80 126 -108 162 -133 173 -41 17 -61 16 -100 -3z\"\/><path d=\"M4250 2784 c-14 -9 -74 -91 -133 -183 -95 -150 -107 -173 -107 -213 0 -55 33 -94 87 -104 67 -13 90 8 211 198 130 202 137 225 78 284 -27 27 -42 34 -72 34 -22 0 -50 -8 -64 -16z\"\/><path d=\"M2275 2693 c-553 -48 -1095 -270 -1585 -649 -135 -104 -459 -423 -483 -476 -23 -49 -22 -139 2 -186 73 -142 361 -457 571 -626 285 -228 642 -407 990 -497 242 -63 336 -73 660 -74 310 0 370 5 595 52 535 111 1045 392 1455 803 122 121 250 273 275 326 19 41 19 137 0 174 -41 79 -309 363 -465 492 -447 370 -946 591 -1479 653 -113 14 -422 18 -536 8z m395 -428 c171 -34 330 -124 456 -258 112 -119 167 -219 211 -378 27 -96 24 -300 -5 -401 -72 -255 -236 -447 -474 -557 -132 -62 -201 -76 -368 -76 -167 0 -236 14 -368 76 -213 98 -373 271 -451 485 -162 444 86 934 547 1084 153 49 292 57 452 25z m909 -232 c222 -123 408 -262 593 -441 76 -74 138 -139 138 -144 0 -16 -233 -242 -330 -319 -155 -123 -309 -223 -461 -299 l-81 -41 32 46 c18 26 49 83 70 128 143 306 141 649 -6 957 -25 52 -61 116 -79 142 l-34 47 45 -20 c26 -10 76 -36 113 -56z m-2057 25 c-40 -58 -105 -190 -130 -263 -110 -324 -59 -707 132 -981 25 -35 42 -64 37 -64 -19 0 -241 119 -326 174 -188 122 -406 314 -532 468 l-58 71 108 103 c185 178 428 349 672 473 66 33 121 60 123 61 2 0 -10 -19 -26 -42z\"\/><path d=\"M2375 1950 c-198 -44 -350 -190 -395 -379 -18 -76 -8 -221 19 -290 114 -284 457 -406 731 -260 98 52 188 154 231 260 27 69 37 214 19 290 -38 163 -166 304 -326 360 -67 23 -215 33 -279 19z\"\/><\/g><\/svg><\/i> <img loading=\"lazy\" decoding=\"async\" width=\"16\" height=\"16\" alt=\"Loading\" src=\"https:\/\/www.turchini75.com\/v1\/wp-content\/plugins\/page-views-count\/ajax-loader-2x.gif\" border=0 \/><\/p>\n<div class=\"pvc_clear\"><\/div>\n","protected":false},"excerpt":{"rendered":"<p>CLUB DES SUPPORTERS DU S.C. BASTIA A PARIS L\u2019Elys\u00e9e Saint Honor\u00e9 130 Rue du Fg Saint Honor\u00e9 75008 Paris T\u00e9l. : 01 42 [&hellip;]<\/p>\n","protected":false},"author":2,"featured_media":4555,"comment_status":"open","ping_status":"open","sticky":false,"template":"","format":"standard","meta":{"footnotes":""},"categories":[3,13],"tags":[279],"class_list":["post-4650","post","type-post","status-publish","format-standard","has-post-thumbnail","hentry","category-lassociation","category-actualite","tag-pv-ag-2012-2013"],"a3_pvc":{"activated":true,"total_views":64,"today_views":0},"amp_enabled":true,"_links":{"self":[{"href":"https:\/\/www.turchini75.com\/v1\/wp-json\/wp\/v2\/posts\/4650","targetHints":{"allow":["GET"]}}],"collection":[{"href":"https:\/\/www.turchini75.com\/v1\/wp-json\/wp\/v2\/posts"}],"about":[{"href":"https:\/\/www.turchini75.com\/v1\/wp-json\/wp\/v2\/types\/post"}],"author":[{"embeddable":true,"href":"https:\/\/www.turchini75.com\/v1\/wp-json\/wp\/v2\/users\/2"}],"replies":[{"embeddable":true,"href":"https:\/\/www.turchini75.com\/v1\/wp-json\/wp\/v2\/comments?post=4650"}],"version-history":[{"count":0,"href":"https:\/\/www.turchini75.com\/v1\/wp-json\/wp\/v2\/posts\/4650\/revisions"}],"wp:featuredmedia":[{"embeddable":true,"href":"https:\/\/www.turchini75.com\/v1\/wp-json\/wp\/v2\/media\/4555"}],"wp:attachment":[{"href":"https:\/\/www.turchini75.com\/v1\/wp-json\/wp\/v2\/media?parent=4650"}],"wp:term":[{"taxonomy":"category","embeddable":true,"href":"https:\/\/www.turchini75.com\/v1\/wp-json\/wp\/v2\/categories?post=4650"},{"taxonomy":"post_tag","embeddable":true,"href":"https:\/\/www.turchini75.com\/v1\/wp-json\/wp\/v2\/tags?post=4650"}],"curies":[{"name":"wp","href":"https:\/\/api.w.org\/{rel}","templated":true}]}}