{"id":3682,"date":"2012-06-28T10:42:29","date_gmt":"2012-06-28T08:42:29","guid":{"rendered":"http:\/\/www.turchini75.com\/v1\/?p=3682"},"modified":"2015-01-20T01:29:14","modified_gmt":"2015-01-19T23:29:14","slug":"assemblee-generale-saison-2011-2012","status":"publish","type":"post","link":"https:\/\/www.turchini75.com\/v1\/2012\/06\/28\/assemblee-generale-saison-2011-2012\/","title":{"rendered":"Assembl\u00e9e G\u00e9n\u00e9rale Saison 2011 &#8211; 2012"},"content":{"rendered":"<p style=\"text-align: center;\"><strong>CLUB DES SUPPORTERS<\/strong><br \/>\n<strong>DU S.C. BASTIA A PARIS<\/strong><\/p>\n<p style=\"text-align: center;\"><strong>L\u2019Elys\u00e9e Saint Honor\u00e9<\/strong><br \/>\n<strong>130 Rue du Fg Saint Honor\u00e9<\/strong><br \/>\n<strong>75008 Paris<\/strong><br \/>\n<strong>T\u00e9l. : 01 42 25 07 77<\/strong><br \/>\n<strong>www.turchini75.com<\/strong><\/p>\n<p style=\"text-align: center;\">ASSEMBLEE GENERALE<\/p>\n<p style=\"text-align: center;\">Saison 2011\/2012<\/p>\n<p style=\"text-align: justify;\">Le Club des Supporters du SC Bastia \u00e0 Paris a tenu son Assembl\u00e9e G\u00e9n\u00e9rale ordinaire le vendredi 22\u00a0 juin 2012 \u00e0 son si\u00e8ge, dans les locaux de la brasserie \u00ab\u00a0L\u2019Elys\u00e9e Saint Honor\u00e9\u00bb, 130 Rue du Fg Saint Honor\u00e9, 75008 Paris.<\/p>\n<p style=\"text-align: justify;\">Etaient pr\u00e9sents\u00a0ou repr\u00e9sent\u00e9s: Pierre Andr\u00e9ani, Philippe Antolini, Dominique Astolfi, Marie-Caroline Astolfi, Jean Baptiste Astolfi, Jean Paul Battesti, Christian Blasini, Maryline Bouguet-Fuster, Baptiste Bouguet-Fuster, Jacques Brocard, Daniel Bruno,\u00a0 Jean No\u00ebl Bur\u00e9si, Denise Chetard-Folacci, Roger Chetard, Jacques Chevrier, Charles Cottoni, Andr\u00e9 du Temple, Jean-Pierre Fabrizy, St\u00e9phane Ferrali, Hugo Ferrali, Michel Fuster, Marcelle Fuster, Yves Leclerc, Fanny Leclerc, Bernard Legrand, Jacques\u00a0 Martellii, Jacques Papot, Ren\u00e9e Pellegrini, Claude Sei, Marc-Antoine Sei, Pierre Vinciguerra.<\/p>\n<p style=\"text-align: justify;\">Participent \u00e9galement Pierre Francisci Pierre, Nicolas Negrello, Alain Nouvet.<\/p>\n<p style=\"text-align: justify;\">\u00a0<\/p>\n<p style=\"text-align: justify;\">Le Pr\u00e9sident ouvre la s\u00e9ance \u00e0 20 heures le quorum \u00e9tant atteint. Il remercie les participants.<\/p>\n<p style=\"text-align: justify;\">Le Secr\u00e9taire dresse le bilan des diverses actions entreprises durant la saison 2011-2012 (Un compte-rendu est joint en annexe).<\/p>\n<p style=\"text-align: justify;\">Le Tr\u00e9sorier pr\u00e9sente le bilan financier. Par rapport \u00e0 l\u2019ann\u00e9e pass\u00e9e, le solde des avoirs en banque est en baisse d\u2019environ 330\u20ac. L\u2019achat de 100 \u00e9charpes comm\u00e9morant les 40 ans de l\u2019Association explique cet \u00e9cart. La vente de ces \u00e9charpes permettra de combler ce d\u00e9ficit. Le livre de comptes est \u00e0 la disposition des participants. Aucune r\u00e9serve n\u2019\u00e9tant port\u00e9e, le bilan\u00a0 est approuv\u00e9 \u00e0 l\u2019unanimit\u00e9 de l\u2019assembl\u00e9e.<\/p>\n<p style=\"text-align: justify;\"><strong><span style=\"text-decoration: underline;\">Election du Conseil d\u2019Administration 2012\/2013<\/span><\/strong>\u00a0:<\/p>\n<p style=\"text-align: justify;\">6 membres sont \u00e9lus ou r\u00e9\u00e9lus\u00a0:<\/p>\n<p style=\"text-align: justify;\">-Jean Viola\u00a0\u00a0 : r\u00e9\u00e9lu<\/p>\n<p style=\"text-align: justify;\">-Jean-No\u00ebl Bur\u00e9si : r\u00e9\u00e9lu<\/p>\n<p style=\"text-align: justify;\">-Marie-Caroline Astolfi\u00a0: r\u00e9\u00e9lue<\/p>\n<p style=\"text-align: justify;\">-Jean-Pierre Cun\u00e9o\u00a0: r\u00e9\u00e9lu<\/p>\n<p style=\"text-align: justify;\">-Jacques Martelli\u00a0: r\u00e9\u00e9lu<\/p>\n<p style=\"text-align: justify;\">-Nicolas Negrello\u00a0: \u00e9lu<\/p>\n<p style=\"text-align: justify;\"><strong><span style=\"text-decoration: underline;\">Comit\u00e9 Directeur\u00a02012\/2013\u00a0:<\/span><\/strong><\/p>\n<p style=\"text-align: justify;\">A l\u2019issue d\u2019un vote \u00e0 bulletins secrets, le Comit\u00e9 Directeur se compose de\u00a0:<\/p>\n<p style=\"text-align: justify;\">&#8211;\u00a0\u00a0 Pr\u00e9sident \u00a0\u00a0\u00a0\u00a0\u00a0\u00a0\u00a0\u00a0\u00a0\u00a0\u00a0\u00a0\u00a0\u00a0\u00a0\u00a0\u00a0\u00a0\u00a0\u00a0\u00a0\u00a0\u00a0\u00a0\u00a0\u00a0\u00a0\u00a0\u00a0\u00a0\u00a0\u00a0\u00a0\u00a0\u00a0\u00a0\u00a0\u00a0\u00a0\u00a0\u00a0\u00a0\u00a0\u00a0\u00a0\u00a0\u00a0\u00a0\u00a0\u00a0\u00a0\u00a0\u00a0\u00a0\u00a0\u00a0\u00a0\u00a0\u00a0\u00a0\u00a0\u00a0\u00a0\u00a0 :\u00a0\u00a0\u00a0\u00a0\u00a0\u00a0\u00a0\u00a0\u00a0\u00a0\u00a0\u00a0\u00a0\u00a0\u00a0\u00a0\u00a0 Pierre Vinciguerra<\/p>\n<p>&#8211;\u00a0\u00a0 Vice-Pr\u00e9sident\u00a0\u00a0\u00a0\u00a0\u00a0\u00a0\u00a0\u00a0\u00a0\u00a0\u00a0\u00a0\u00a0\u00a0\u00a0\u00a0\u00a0\u00a0\u00a0\u00a0\u00a0\u00a0\u00a0\u00a0\u00a0\u00a0\u00a0\u00a0\u00a0\u00a0\u00a0\u00a0\u00a0\u00a0\u00a0\u00a0\u00a0\u00a0\u00a0\u00a0\u00a0\u00a0\u00a0\u00a0\u00a0\u00a0\u00a0\u00a0\u00a0\u00a0\u00a0\u00a0\u00a0\u00a0\u00a0\u00a0 :\u00a0\u00a0\u00a0\u00a0\u00a0\u00a0\u00a0\u00a0\u00a0\u00a0\u00a0\u00a0\u00a0\u00a0\u00a0\u00a0\u00a0 Michel Fuster<\/p>\n<p>&#8211;\u00a0\u00a0 Tr\u00e9sorier G\u00e9n\u00e9ral\u00a0\u00a0\u00a0\u00a0\u00a0\u00a0\u00a0\u00a0\u00a0\u00a0\u00a0\u00a0\u00a0\u00a0\u00a0\u00a0\u00a0\u00a0\u00a0\u00a0\u00a0\u00a0\u00a0\u00a0\u00a0\u00a0\u00a0\u00a0\u00a0\u00a0\u00a0\u00a0\u00a0\u00a0\u00a0\u00a0\u00a0\u00a0\u00a0\u00a0\u00a0\u00a0\u00a0\u00a0\u00a0\u00a0\u00a0\u00a0\u00a0\u00a0\u00a0 :\u00a0\u00a0\u00a0\u00a0\u00a0\u00a0\u00a0\u00a0\u00a0\u00a0\u00a0\u00a0\u00a0\u00a0\u00a0\u00a0\u00a0 Jean No\u00ebl Bur\u00e9si (R\u00e9\u00e9lu)<\/p>\n<p>&#8211;\u00a0\u00a0 Secr\u00e9taire G\u00e9n\u00e9ral\u00a0\u00a0\u00a0\u00a0\u00a0\u00a0\u00a0\u00a0\u00a0\u00a0\u00a0\u00a0\u00a0\u00a0\u00a0\u00a0\u00a0\u00a0\u00a0\u00a0\u00a0\u00a0\u00a0\u00a0\u00a0\u00a0\u00a0\u00a0\u00a0\u00a0\u00a0\u00a0\u00a0\u00a0\u00a0\u00a0\u00a0\u00a0\u00a0\u00a0\u00a0\u00a0\u00a0\u00a0\u00a0\u00a0\u00a0\u00a0\u00a0 :\u00a0\u00a0\u00a0\u00a0\u00a0\u00a0\u00a0\u00a0\u00a0\u00a0\u00a0\u00a0\u00a0\u00a0\u00a0\u00a0\u00a0 Yves Leclerc<\/p>\n<p>&#8211;\u00a0\u00a0 Membres du Comit\u00e9 Directeur\u00a0\u00a0\u00a0\u00a0\u00a0\u00a0\u00a0\u00a0\u00a0\u00a0\u00a0\u00a0\u00a0\u00a0\u00a0\u00a0\u00a0\u00a0\u00a0\u00a0\u00a0\u00a0\u00a0\u00a0\u00a0\u00a0\u00a0\u00a0\u00a0\u00a0\u00a0:\u00a0\u00a0\u00a0\u00a0\u00a0\u00a0\u00a0\u00a0\u00a0\u00a0\u00a0\u00a0\u00a0\u00a0\u00a0\u00a0\u00a0 Marie-Caroline Astolfi<\/p>\n<p>\u00a0\u00a0\u00a0\u00a0\u00a0\u00a0\u00a0\u00a0\u00a0\u00a0\u00a0\u00a0\u00a0\u00a0\u00a0\u00a0\u00a0\u00a0\u00a0\u00a0\u00a0\u00a0\u00a0\u00a0\u00a0\u00a0\u00a0\u00a0\u00a0\u00a0\u00a0\u00a0\u00a0\u00a0\u00a0\u00a0\u00a0\u00a0\u00a0\u00a0\u00a0\u00a0\u00a0\u00a0\u00a0\u00a0\u00a0\u00a0\u00a0\u00a0\u00a0\u00a0\u00a0\u00a0\u00a0\u00a0\u00a0\u00a0\u00a0\u00a0\u00a0\u00a0\u00a0\u00a0\u00a0\u00a0\u00a0\u00a0\u00a0\u00a0\u00a0\u00a0\u00a0\u00a0\u00a0\u00a0\u00a0\u00a0\u00a0\u00a0\u00a0\u00a0\u00a0\u00a0\u00a0\u00a0 \u00a0\u00a0:\u00a0\u00a0\u00a0\u00a0\u00a0\u00a0\u00a0\u00a0\u00a0\u00a0\u00a0\u00a0\u00a0\u00a0\u00a0\u00a0\u00a0\u00a0 Jean Pierre Cun\u00e9o<\/p>\n<p>&nbsp;<\/p>\n<p><strong><span style=\"text-decoration: underline;\">Montant des cotisations pour la saison 2012 \/ 2013\u00a0:<\/span><\/strong><\/p>\n<p>Les cotisations restent inchang\u00e9es \u00e0 savoir\u00a0:<\/p>\n<p>&#8211;\u00a0 Membre Bienfaiteur\u00a0\u00a0\u00a0\u00a0\u00a0\u00a0\u00a0\u00a0\u00a0\u00a0\u00a0\u00a0\u00a0\u00a0\u00a0\u00a0\u00a0\u00a0\u00a0\u00a0\u00a0\u00a0\u00a0\u00a0\u00a0\u00a0\u00a0\u00a0\u00a0\u00a0\u00a0\u00a0\u00a0\u00a0\u00a0\u00a0\u00a0\u00a0\u00a0\u00a0\u00a0\u00a0\u00a0\u00a0\u00a0\u00a0\u00a0\u00a0\u00a0 :\u00a0\u00a0\u00a0\u00a0\u00a0\u00a0\u00a0\u00a0\u00a0\u00a0\u00a0\u00a0\u00a0\u00a0\u00a0\u00a0\u00a0 40 \u20ac et plus<\/p>\n<p>&#8211;\u00a0 Membre Actif\u00a0\u00a0\u00a0\u00a0\u00a0\u00a0\u00a0\u00a0\u00a0\u00a0\u00a0\u00a0\u00a0\u00a0\u00a0\u00a0\u00a0\u00a0\u00a0\u00a0\u00a0\u00a0\u00a0\u00a0\u00a0\u00a0\u00a0\u00a0\u00a0\u00a0\u00a0\u00a0\u00a0\u00a0\u00a0\u00a0\u00a0\u00a0\u00a0\u00a0\u00a0\u00a0\u00a0\u00a0\u00a0\u00a0\u00a0\u00a0\u00a0\u00a0\u00a0 \u00a0\u00a0\u00a0\u00a0\u00a0\u00a0\u00a0\u00a0 :\u00a0\u00a0\u00a0\u00a0\u00a0\u00a0\u00a0\u00a0\u00a0\u00a0\u00a0\u00a0\u00a0\u00a0\u00a0\u00a0\u00a0 25 \u20ac<\/p>\n<p>&#8211;\u00a0 Membre Sympathisant\u00a0\u00a0\u00a0\u00a0\u00a0\u00a0\u00a0\u00a0\u00a0\u00a0\u00a0\u00a0\u00a0\u00a0\u00a0\u00a0\u00a0\u00a0\u00a0\u00a0\u00a0\u00a0\u00a0\u00a0\u00a0\u00a0\u00a0\u00a0\u00a0\u00a0\u00a0\u00a0\u00a0\u00a0\u00a0\u00a0\u00a0\u00a0\u00a0\u00a0\u00a0\u00a0\u00a0\u00a0 :\u00a0\u00a0\u00a0\u00a0\u00a0\u00a0\u00a0\u00a0\u00a0\u00a0\u00a0\u00a0\u00a0\u00a0\u00a0\u00a0\u00a0 15 \u20ac<\/p>\n<p>&#8211;\u00a0 Membre Etudiant\u00a0\u00a0\u00a0\u00a0\u00a0\u00a0\u00a0\u00a0\u00a0\u00a0\u00a0\u00a0\u00a0\u00a0\u00a0\u00a0\u00a0\u00a0\u00a0\u00a0\u00a0\u00a0\u00a0\u00a0\u00a0\u00a0\u00a0\u00a0\u00a0\u00a0\u00a0\u00a0\u00a0\u00a0\u00a0\u00a0\u00a0\u00a0\u00a0\u00a0\u00a0\u00a0\u00a0\u00a0\u00a0\u00a0\u00a0\u00a0\u00a0\u00a0\u00a0\u00a0\u00a0 :\u00a0\u00a0\u00a0\u00a0\u00a0\u00a0\u00a0\u00a0\u00a0\u00a0\u00a0\u00a0\u00a0\u00a0\u00a0\u00a0\u00a0 10 \u20ac<\/p>\n<p>&nbsp;<\/p>\n<p align=\"center\">**********<\/p>\n<p>\u00a0<strong><span style=\"text-decoration: underline;\">Questions diverses\u00a0:<\/span><\/strong><\/p>\n<p>\u2022 Le Pr\u00e9sident remercie le tr\u00e9sorier et le secr\u00e9taire pour le travail accompli durant cette ann\u00e9e.<\/p>\n<p>\u2022 Le Pr\u00e9sident d\u00e9plore la stagnation du nombre des adh\u00e9rents de l\u2019Association. Des actions vont \u00eatre entreprises afin de relancer les adh\u00e9sions. Parmi ces actions la cr\u00e9ation d\u2019articles sigl\u00e9s \u00ab\u00a0Club des Supporters\u00a0\u00bb (tee-shirt, casquettes, auto-collants,\u2026) \u00a0qui seront offerts \u00e0 chaque nouvel adh\u00e9rents. Lors des d\u00e9placements les tarifs adh\u00e9rents non-adh\u00e9rents seront distincts. Le montant des cotisations seront d\u00e9gressifs en cas d\u2019adh\u00e9sions\u00a0 multiples au sein d\u2019une m\u00eame famille.<\/p>\n<p>\u2022 Jean-Baptiste Astolfi et Nicolas N\u00e9grello sont charg\u00e9s de prospecter diff\u00e9rents fournisseurs de gadgets. Nicolas N\u00e9grello se propose d\u2019assurer l\u2019animation des tribunes lors des d\u00e9placements effectu\u00e9s sous la banni\u00e8re \u00ab\u00a0Club des Supporters de Bastia \u00e0 Paris\u00a0\u00bb.<\/p>\n<p>\u2022 L\u2019Assembl\u00e9e G\u00e9n\u00e9rale note la bonne tenue du site de l\u2019Association. La mise \u00e0 jour permanente est particuli\u00e8rement appr\u00e9ci\u00e9e.<\/p>\n<p>\u2022 Le Pr\u00e9sident f\u00e9licite les nombreux supporters ayant soutenu l\u2019\u00e9quipe lors des matchs jou\u00e9s sur le continent. Il tient \u00e0 remercier notamment M. J\u00e9r\u00f4me N\u00e9groni pour l\u2019attention port\u00e9e aux supporters lors de ces d\u00e9placements.<\/p>\n<p>\u2022 J\u00e9r\u00f4me Rothen est le vainqueur du challenge du Meilleur Joueur de la saison 2011 \/ 2012. Il succ\u00e8de \u00e0 Magno Mac\u00e9do Novaes qui termine second. Yannick Cahuzac termine 3<sup>\u00e8me<\/sup>.<\/p>\n<p>L\u2019ordre du jour \u00e9tant \u00e9puis\u00e9, le Pr\u00e9sident remercie encore une fois notre partenaire, la <strong>SNCM<\/strong>, qui participe grandement \u00e0 la vie de notre Association.<\/p>\n<p>La s\u00e9ance est lev\u00e9e \u00e0 21 heures 30.<\/p>\n<p>&nbsp;<\/p>\n<p align=\"left\">\u00a0<\/p>\n<p style=\"text-align: center;\">\u00a0*******************************<\/p>\n<div>\n<p style=\"text-align: center;\"><strong>COMPTE-RENDU DU SECRETAIRE GENERAL<\/strong><\/p>\n<p style=\"text-align: center;\"><strong>SAISON 2011-2012<\/strong><\/p>\n<\/div>\n<p><em><span style=\"text-decoration: underline;\">\u00a0Adh\u00e9sions<\/span><\/em><\/p>\n<p>Au 22 juin 2012, nous\u00a0 comptons 37 adh\u00e9rents.<\/p>\n<p>&#8211;\u00a0\u00a0\u00a0\u00a0\u00a0\u00a0\u00a0\u00a0\u00a0 11 membres bienfaiteurs<\/p>\n<p>&#8211;\u00a0\u00a0\u00a0\u00a0\u00a0\u00a0\u00a0\u00a0\u00a0 17 membres actifs<\/p>\n<p>&#8211;\u00a0\u00a0\u00a0\u00a0\u00a0\u00a0\u00a0\u00a0\u00a0 \u00a0\u00a05 membres sympathisants<\/p>\n<p>&#8211;\u00a0\u00a0\u00a0\u00a0\u00a0\u00a0\u00a0\u00a0\u00a0 \u00a0\u00a04 membres \u00e9tudiants<\/p>\n<p>&nbsp;<\/p>\n<p>&nbsp;<\/p>\n<p><span style=\"text-decoration: underline;\"><em>Conseil d\u2019administration<\/em><\/span><\/p>\n<p>Conform\u00e9ment \u00e0 ses statuts le Conseil d\u2019Administration a tenu deux s\u00e9ances les 2 d\u00e9cembre 2011 et 15 mai 2012. La premi\u00e8re de ces s\u00e9ances \u00e9tait consacr\u00e9e \u00e0 la recherche d\u2019un fournisseur pour la fabrication d\u2019une \u00e9charpe cr\u00e9\u00e9e \u00e0 l\u2019occasion des 40 ans de notre Association. La deuxi\u00e8me \u00e0 la pr\u00e9paration de l\u2019Assembl\u00e9e G\u00e9n\u00e9rale.<\/p>\n<p><span style=\"text-decoration: underline;\"><em>D\u00e9placements effectu\u00e9s<\/em><\/span><\/p>\n<p>Les d\u00e9placements sont effectu\u00e9s par un groupe d\u2019une dizaine de jeunes et moins jeunes supporters.<\/p>\n<p>Cette ann\u00e9e, notre association a \u00e9t\u00e9 pr\u00e9sente sur tous les stades de L2 au titre du championnat.<\/p>\n<p>Nous avons \u00e9galement effectu\u00e9 les d\u00e9placements \u00e0 Louhans et Valenciennes afin d\u2019encourager notre \u00e9quipe en Coupe de France. L\u2019\u00e9limination en \u00a0Coupe de la Ligue au premier tour \u00e0 Istres ne nous a pas donn\u00e9 l\u2019occasion de suivre des rencontres de cette comp\u00e9tition. Pour l\u2019anecdote l\u2019ensemble de ces d\u00e9placements repr\u00e9sente 15000 km\u00a0!<\/p>\n<p>Les d\u00e9placements \u00e0 Tours et au Mans ont \u00e9t\u00e9 enti\u00e8rement financ\u00e9s par le Club des Supporters. Les participants \u00e0 ces deux d\u00e9placements ont appr\u00e9ci\u00e9 ce geste et ont tenu \u00e0 le faire savoir. Dont acte.<\/p>\n<p>Nous avons \u00e9galement organis\u00e9 un d\u00e9placement en car pour encourager nos joueurs \u00e0 Lens. Bien que ce d\u00e9roulant un lundi soir ce d\u00e9placement a \u00e9t\u00e9 un gros succ\u00e8s. Le car \u00e9tait complet (57 personnes), et les participants \u00e9taient satisfaits.<\/p>\n<p>Les dirigeants du Sporting, le staff technique et les joueurs ont particuli\u00e8rement appr\u00e9ci\u00e9 ce soutien, et nous l\u2019ont fait savoir \u00e0 plusieurs reprises.<\/p>\n<p><span style=\"text-decoration: underline;\"><em>Soir\u00e9es<\/em><\/span><\/p>\n<p>Nous n\u2019avons pas eu l\u2019occasion d\u2019organiser de soir\u00e9e cette ann\u00e9e. Nous esp\u00e9rons \u00eatre en mesure d\u2019en proposer une au 4<sup>\u00e8me<\/sup> trimestre pour f\u00eater les 40 ans de l\u2019association.<\/p>\n<p><em><span style=\"text-decoration: underline;\">Communication <\/span><\/em><\/p>\n<p>Notre site Internet est en continuelle \u00e9volution. Il devient petit \u00e0 petit une r\u00e9f\u00e9rence pour les supporters notamment pour la recherche d\u2019informations sur les d\u00e9placements. Le d\u00e9placement \u00e0 Lens en est la preuve.<\/p>\n<p>La journ\u00e9e du 13 mai 2012, nous a valu 419 visiteurs suite au compte-rendu du match Bastia-Nantes<\/p>\n<p>Apr\u00e8s la Une, la page la plus visit\u00e9e est celle concernant le prochain d\u00e9placement (2673 visites)<\/p>\n<p><span style=\"text-decoration: underline;\"><em>R\u00e9compense\u00a0<\/em><\/span><\/p>\n<p>Le titre de meilleur joueur de la saison 2011-2012 a \u00e9t\u00e9 attribu\u00e9 par les adh\u00e9rents \u00e0 J\u00e9r\u00f4me Rothen avec\u00a0134 points devant Macedo Novaes 71 points et Yannick Cahuzac\u00a067 points. Le traditionnel troph\u00e9e sera remis au vainqueur avant un match de championnat.<\/p>\n<p><em><span style=\"text-decoration: underline;\">Remerciements <\/span><\/em><em><\/em><\/p>\n<p style=\"text-align: justify;\">Le conseil d\u2019Administration tient \u00e0 remercier, une nouvelle fois, les dirigeants du Sporting, et tout particuli\u00e8rement J\u00e9r\u00f4me N\u00e9groni qui nous a aid\u00e9s \u00e0 chacun de nos d\u00e9placements. Nous remercions \u00e9galement l\u2019ensemble du staff technique et des joueurs pour la disponibilit\u00e9 et leur gentillesse dont ils font preuve \u00e0 l\u2019issue de chacun des matchs.<\/p>\n<p>&nbsp;<\/p>\n<p>&nbsp;<\/p>\n<p>&nbsp;<\/p>\n<p>&nbsp;<\/p>\n<p align=\"left\">\u00a0<\/p>\n<p align=\"left\">\u00a0<\/p>\n<p>&nbsp;<\/p>\n<div class=\"pvc_clear\"><\/div>\n<p id=\"pvc_stats_3682\" class=\"pvc_stats total_only  \" data-element-id=\"3682\" style=\"\"><i class=\"pvc-stats-icon small\" aria-hidden=\"true\"><svg xmlns=\"http:\/\/www.w3.org\/2000\/svg\" version=\"1.0\" viewBox=\"0 0 502 315\" preserveAspectRatio=\"xMidYMid meet\"><g transform=\"translate(0,332) scale(0.1,-0.1)\" fill=\"\" stroke=\"none\"><path d=\"M2394 3279 l-29 -30 -3 -207 c-2 -182 0 -211 15 -242 39 -76 157 -76 196 0 15 31 17 60 15 243 l-3 209 -33 29 c-26 23 -41 29 -80 29 -41 0 -53 -5 -78 -31z\"\/><path d=\"M3085 3251 c-45 -19 -58 -50 -96 -229 -47 -217 -49 -260 -13 -295 52 -53 146 -42 177 20 16 31 87 366 87 410 0 70 -86 122 -155 94z\"\/><path d=\"M1751 3234 c-13 -9 -29 -31 -37 -50 -12 -29 -10 -49 21 -204 19 -94 39 -189 45 -210 14 -50 54 -80 110 -80 34 0 48 6 76 34 21 21 34 44 34 59 0 14 -18 113 -40 219 -37 178 -43 195 -70 221 -36 32 -101 37 -139 11z\"\/><path d=\"M1163 3073 c-36 -7 -73 -59 -73 -102 0 -56 133 -378 171 -413 34 -32 83 -37 129 -13 70 36 67 87 -16 290 -86 209 -89 214 -129 231 -35 14 -42 15 -82 7z\"\/><path d=\"M3689 3066 c-15 -9 -33 -30 -42 -48 -48 -103 -147 -355 -147 -375 0 -98 131 -148 192 -74 13 15 57 108 97 206 80 196 84 226 37 273 -30 30 -99 39 -137 18z\"\/><path d=\"M583 2784 c-38 -19 -67 -74 -58 -113 9 -42 211 -354 242 -373 16 -10 45 -18 66 -18 51 0 107 52 107 100 0 39 -1 41 -124 234 -80 126 -108 162 -133 173 -41 17 -61 16 -100 -3z\"\/><path d=\"M4250 2784 c-14 -9 -74 -91 -133 -183 -95 -150 -107 -173 -107 -213 0 -55 33 -94 87 -104 67 -13 90 8 211 198 130 202 137 225 78 284 -27 27 -42 34 -72 34 -22 0 -50 -8 -64 -16z\"\/><path d=\"M2275 2693 c-553 -48 -1095 -270 -1585 -649 -135 -104 -459 -423 -483 -476 -23 -49 -22 -139 2 -186 73 -142 361 -457 571 -626 285 -228 642 -407 990 -497 242 -63 336 -73 660 -74 310 0 370 5 595 52 535 111 1045 392 1455 803 122 121 250 273 275 326 19 41 19 137 0 174 -41 79 -309 363 -465 492 -447 370 -946 591 -1479 653 -113 14 -422 18 -536 8z m395 -428 c171 -34 330 -124 456 -258 112 -119 167 -219 211 -378 27 -96 24 -300 -5 -401 -72 -255 -236 -447 -474 -557 -132 -62 -201 -76 -368 -76 -167 0 -236 14 -368 76 -213 98 -373 271 -451 485 -162 444 86 934 547 1084 153 49 292 57 452 25z m909 -232 c222 -123 408 -262 593 -441 76 -74 138 -139 138 -144 0 -16 -233 -242 -330 -319 -155 -123 -309 -223 -461 -299 l-81 -41 32 46 c18 26 49 83 70 128 143 306 141 649 -6 957 -25 52 -61 116 -79 142 l-34 47 45 -20 c26 -10 76 -36 113 -56z m-2057 25 c-40 -58 -105 -190 -130 -263 -110 -324 -59 -707 132 -981 25 -35 42 -64 37 -64 -19 0 -241 119 -326 174 -188 122 -406 314 -532 468 l-58 71 108 103 c185 178 428 349 672 473 66 33 121 60 123 61 2 0 -10 -19 -26 -42z\"\/><path d=\"M2375 1950 c-198 -44 -350 -190 -395 -379 -18 -76 -8 -221 19 -290 114 -284 457 -406 731 -260 98 52 188 154 231 260 27 69 37 214 19 290 -38 163 -166 304 -326 360 -67 23 -215 33 -279 19z\"\/><\/g><\/svg><\/i> <img loading=\"lazy\" decoding=\"async\" width=\"16\" height=\"16\" alt=\"Loading\" src=\"https:\/\/www.turchini75.com\/v1\/wp-content\/plugins\/page-views-count\/ajax-loader-2x.gif\" border=0 \/><\/p>\n<div class=\"pvc_clear\"><\/div>\n","protected":false},"excerpt":{"rendered":"<p>CLUB DES SUPPORTERS DU S.C. BASTIA A PARIS L\u2019Elys\u00e9e Saint Honor\u00e9 130 Rue du Fg Saint Honor\u00e9 75008 Paris T\u00e9l. : 01 42 [&hellip;]<\/p>\n","protected":false},"author":2,"featured_media":5836,"comment_status":"open","ping_status":"open","sticky":false,"template":"","format":"standard","meta":{"footnotes":""},"categories":[65,3],"tags":[185],"class_list":["post-3682","post","type-post","status-publish","format-standard","has-post-thumbnail","hentry","category-historique-des-ag","category-lassociation","tag-ag-2011-2012"],"a3_pvc":{"activated":true,"total_views":46,"today_views":0},"amp_enabled":true,"_links":{"self":[{"href":"https:\/\/www.turchini75.com\/v1\/wp-json\/wp\/v2\/posts\/3682","targetHints":{"allow":["GET"]}}],"collection":[{"href":"https:\/\/www.turchini75.com\/v1\/wp-json\/wp\/v2\/posts"}],"about":[{"href":"https:\/\/www.turchini75.com\/v1\/wp-json\/wp\/v2\/types\/post"}],"author":[{"embeddable":true,"href":"https:\/\/www.turchini75.com\/v1\/wp-json\/wp\/v2\/users\/2"}],"replies":[{"embeddable":true,"href":"https:\/\/www.turchini75.com\/v1\/wp-json\/wp\/v2\/comments?post=3682"}],"version-history":[{"count":0,"href":"https:\/\/www.turchini75.com\/v1\/wp-json\/wp\/v2\/posts\/3682\/revisions"}],"wp:featuredmedia":[{"embeddable":true,"href":"https:\/\/www.turchini75.com\/v1\/wp-json\/wp\/v2\/media\/5836"}],"wp:attachment":[{"href":"https:\/\/www.turchini75.com\/v1\/wp-json\/wp\/v2\/media?parent=3682"}],"wp:term":[{"taxonomy":"category","embeddable":true,"href":"https:\/\/www.turchini75.com\/v1\/wp-json\/wp\/v2\/categories?post=3682"},{"taxonomy":"post_tag","embeddable":true,"href":"https:\/\/www.turchini75.com\/v1\/wp-json\/wp\/v2\/tags?post=3682"}],"curies":[{"name":"wp","href":"https:\/\/api.w.org\/{rel}","templated":true}]}}