{"id":2500,"date":"2011-08-01T11:53:53","date_gmt":"2011-08-01T09:53:53","guid":{"rendered":"http:\/\/www.turchini75.com\/v1\/?p=2500"},"modified":"2015-01-20T02:49:41","modified_gmt":"2015-01-20T00:49:41","slug":"assemblee-generale-saison-2010-%e2%80%93-2011","status":"publish","type":"post","link":"https:\/\/www.turchini75.com\/v1\/2011\/08\/01\/assemblee-generale-saison-2010-%e2%80%93-2011\/","title":{"rendered":"Assembl\u00e9e G\u00e9n\u00e9rale Saison 2010 \u2013 2011"},"content":{"rendered":"<p style=\"text-align: center;\"><strong>CLUB DES SUPPORTERS<\/strong><br \/>\n<strong>DU S.C. BASTIA A PARIS<\/strong><\/p>\n<p style=\"text-align: center;\"><strong>L\u2019Elys\u00e9e Saint Honor\u00e9<\/strong><br \/>\n<strong>130 Rue du Fg Saint Honor\u00e9<\/strong><br \/>\n<strong>75008 Paris<\/strong><br \/>\n<strong>T\u00e9l. : 01 42 25 07 77<\/strong><br \/>\n<strong>www.turchini75.com<\/strong><\/p>\n<p style=\"text-align: center;\">ASSEMBLEE GENERALE<br \/>\n2010\/2011<\/p>\n<p style=\"text-align: justify;\">Le Club des Supporters du SC Bastia \u00e0 Paris a tenu son Assembl\u00e9e G\u00e9n\u00e9rale ordinaire le vendredi 17 juin 2011 \u00e0 son si\u00e8ge, dans les locaux de la brasserie \u00ab L\u2019Elys\u00e9e Saint Honor\u00e9\u00bb, 130 Rue du Fg Saint Honor\u00e9, 75008 Paris.<\/p>\n<p style=\"text-align: justify;\">Etaient pr\u00e9sents ou repr\u00e9sent\u00e9s: Dominique Astolfi, Marie-Caroline Astolfi, Jean Baptiste Astolfi, Jean Paul Battesti, Maryline Bouguet-Fuster, Jacques Brocard ,Jean No\u00ebl Bur\u00e9si, Fabrice Camus, Denise Chetard-Folacci Marc Chetard-Folacci, Roger Chetard, Jacques Chevrier, Charles Cottoni, Jean Pierre Cun\u00e9o, Andr\u00e9 du Temple, St\u00e9phane Ferrali, Michel Fuster, Marcelle Fuster, Yves Leclerc, Fanny Leclerc, Bernard Legrand, Julien Mari, Jacques Martelli, Matteu Martelli, Jean-Marc Pannier-Martini, Jacques Papot, Claude Sei , Marc-Antoine Sei, J\u00e9r\u00f4me Vinciguerra, Pierre Vinciguerra.<\/p>\n<p style=\"text-align: justify;\">Le Pr\u00e9sident ouvre la s\u00e9ance \u00e0 20 heures le quorum \u00e9tant atteint. Il remercie les participants.<\/p>\n<p style=\"text-align: justify;\">Le Secr\u00e9taire dresse le bilan des diverses actions entreprises durant la saison 2010-2011 (Un compte-rendu est joint en annexe).<\/p>\n<p style=\"text-align: justify;\">Le Tr\u00e9sorier pr\u00e9sente le bilan financier. Par rapport \u00e0 l\u2019ann\u00e9e pass\u00e9e, le solde des avoirs en banque est en baisse d\u2019environ 600\u20ac. Le d\u00e9placement en car pour le match face \u00e0 Amiens pris en grande partie en charge par l\u2019association explique cet \u00e9cart. Le livre de comptes est \u00e0 la disposition des participants. Aucune r\u00e9serve n\u2019\u00e9tant port\u00e9e, le bilan est approuv\u00e9 \u00e0 l\u2019unanimit\u00e9 de l\u2019assembl\u00e9e.<\/p>\n<p><span style=\"text-decoration: underline;\">Election du Conseil d\u2019Administration 2011\/2012 :<\/span><\/p>\n<p>10 membres sont \u00e9lus ou r\u00e9\u00e9lus :<\/p>\n<p>&#8211; Pierre Vinciguerra : r\u00e9\u00e9lu<br \/>\n&#8211; Yves Leclerc : r\u00e9\u00e9lu<br \/>\n&#8211; Michel Fuster : r\u00e9\u00e9lu<br \/>\n&#8211; Andr\u00e9 Du Temple : r\u00e9\u00e9lu<br \/>\n&#8211; Julien Mari : r\u00e9\u00e9lu<br \/>\n&#8211; Jean-Marc Pannier-Martini : r\u00e9\u00e9lu<br \/>\n&#8211; Jacques Papot : r\u00e9\u00e9lu<br \/>\n&#8211; Jean-Baptiste Astolfi : \u00e9lu<\/p>\n<p>Comit\u00e9 Directeur 2011\/2012 :<\/p>\n<p>A l\u2019issue d\u2019un vote \u00e0 bulletins secrets, le Comit\u00e9 Directeur se compose de :<\/p>\n<p>&#8211; Pr\u00e9sident : Pierre Vinciguerra<br \/>\n&#8211; Vice-Pr\u00e9sident : Michel Fuster<br \/>\n&#8211; Tr\u00e9sorier G\u00e9n\u00e9ral : Jean No\u00ebl Bur\u00e9si<br \/>\n&#8211; Secr\u00e9taire G\u00e9n\u00e9ral : Yves Leclerc<br \/>\n&#8211; Membres du Comit\u00e9 Directeur : Marie-Caroline Astolfi, Jean Pierre Cun\u00e9o<\/p>\n<p><span style=\"text-decoration: underline;\">Montant des cotisations pour la saison 2011 \/ 2012 :<\/span><\/p>\n<p>Les cotisations restent inchang\u00e9es \u00e0 savoir :<\/p>\n<p>&#8211; Membre Bienfaiteur : 40 \u20ac et plus<br \/>\n&#8211; Membre Actif : 25 \u20ac<br \/>\n&#8211; Membre Sympathisant : 15 \u20ac<br \/>\n&#8211; Membre Etudiant : 10 \u20ac<\/p>\n<p>**********<\/p>\n<p><span style=\"text-decoration: underline;\">Questions diverses :<\/span><\/p>\n<p style=\"text-align: justify;\">\u00d8 Le Pr\u00e9sident remercie le tr\u00e9sorier et le secr\u00e9taire pour le travail accompli durant cette ann\u00e9e.<\/p>\n<p style=\"text-align: justify;\">\u00d8 Le Pr\u00e9sident rappelle le but premier de l\u2019Association, \u00e0 savoir le soutien au Sporting. Il justifie ainsi le d\u00e9ficit engendr\u00e9 par le d\u00e9placement \u00e0 Amiens. D\u00e9placement indispensable apr\u00e8s la formidable saison 2010-2011.<\/p>\n<p style=\"text-align: justify;\">\u00d8 Le Pr\u00e9sident d\u00e9plore la stagnation du nombre des adh\u00e9rents de l\u2019Association. Des actions seront entreprises afin de tenter de relancer les adh\u00e9sions. Parmi ces actions la cr\u00e9ation d\u2019un article sigl\u00e9 \u00ab Club des Supporters \u00bb est propos\u00e9.<\/p>\n<p style=\"text-align: justify;\">\u00d8 L\u2019Assembl\u00e9e G\u00e9n\u00e9rale note la bonne tenue du site de l\u2019Association. La mise \u00e0 jour permanente est particuli\u00e8rement appr\u00e9ci\u00e9e.<\/p>\n<p style=\"text-align: justify;\">\u00d8 Le Pr\u00e9sident f\u00e9licite les nombreux supporters ayant soutenu l\u2019\u00e9quipe lors de nombreux matchs jou\u00e9s sur le continent. Il tient \u00e0 remercier notamment M. J\u00e9r\u00f4me N\u00e9groni pour l\u2019attention port\u00e9e aux supporters lors de ces d\u00e9placements.<\/p>\n<p style=\"text-align: justify;\">\u00d8 Magno Mac\u00e9do Novaes est le vainqueur du challenge du Meilleur Joueur de la saison 2010 \/ 2011. C\u2019est la deuxi\u00e8me fois que notre gardien est ainsi r\u00e9compens\u00e9.<br \/>\nCe challenge servait de jeu-concours pour la travers\u00e9e offerte par la SNCM ; 29 adh\u00e9rents ont particip\u00e9 ; 4 avaient le \u00ab bon tierc\u00e9 \u00bb. C\u2019est une jeune adh\u00e9rente qui remporte le concours en trouvant le \u00ab bon tierc\u00e9 \u00bb et le nombre de bonnes r\u00e9ponses.<\/p>\n<p style=\"text-align: justify;\">\u00d8 Les dates des futurs d\u00e9placements ne peuvent \u00eatre annonc\u00e9es par avance. Les multiples retransmissions pr\u00e9vues ne le permettent. Chaque journ\u00e9e \u00e9tant pr\u00e9vue de se d\u00e9rouler du vendredi au lundi. Les Adh\u00e9rents seront avertis le plus t\u00f4t possible.<\/p>\n<p style=\"text-align: justify;\">L\u2019ordre du jour \u00e9tant \u00e9puis\u00e9, le Pr\u00e9sident remercie encore une fois notre partenaire, la SNCM, qui participe grandement \u00e0 la vie de notre Association.<br \/>\nLa s\u00e9ance est lev\u00e9e \u00e0 21 heures 30.<\/p>\n<p style=\"text-align: center;\">*********************\u00a0\u00a0\u00a0<\/p>\n<div>\n<p style=\"text-align: center;\"><strong>COMPTE-RENDU DU SECRETAIRE GENERAL<\/strong><\/p>\n<p style=\"text-align: center;\"><strong>SAISON 2010-2011<\/strong><\/p>\n<\/div>\n<p>&nbsp;<\/p>\n<p><span style=\"text-decoration: underline;\">Adh\u00e9sions<\/span><\/p>\n<p>Au 17 juin 2011, nous\u00a0 comptons 59 adh\u00e9rents.<br \/>\n&#8211;\u00a0\u00a0\u00a0\u00a0\u00a0\u00a0\u00a0\u00a0 16 membres bienfaiteurs<br \/>\n&#8211;\u00a0\u00a0\u00a0\u00a0\u00a0\u00a0\u00a0\u00a0 22 membres actifs<br \/>\n&#8211;\u00a0\u00a0\u00a0\u00a0\u00a0\u00a0\u00a0\u00a0 18 membres sympatisants<br \/>\n&#8211;\u00a0\u00a0\u00a0\u00a0\u00a0\u00a0\u00a0\u00a0 \u00a0\u00a05 membres \u00e9tudiants<\/p>\n<p><span style=\"text-decoration: underline;\">Conseil d\u2019administration<\/span><\/p>\n<p style=\"text-align: justify;\">Conform\u00e9ment \u00e0 ses statuts le Conseil d\u2019Administration a tenu deux s\u00e9ances les 2 octobre 2010 et 30 avril 2011. La premi\u00e8re de ces s\u00e9ances \u00e9tait consacr\u00e9e \u00e0 la mise \u00e0 jour du fichier adh\u00e9rents. La deuxi\u00e8me \u00e0 la pr\u00e9paration de l\u2019assembl\u00e9e g\u00e9n\u00e9rale.<\/p>\n<p>&nbsp;<\/p>\n<p><span style=\"text-decoration: underline;\">D\u00e9placements effectu\u00e9s<\/span><\/p>\n<p style=\"text-align: justify;\">Les d\u00e9placements sont effectu\u00e9s par un groupe d\u2019une dizaine de jeunes et moins jeunes supporters.<\/p>\n<p style=\"text-align: justify;\">Cette ann\u00e9e, les tr\u00e8s bons r\u00e9sultats en championnat aidant, 15 d\u00e9placements ont \u00e9t\u00e9 effectu\u00e9s. Le Club des Supporters a \u00e9t\u00e9 repr\u00e9sent\u00e9 \u00e0 Niort, Paris (Charletty), Gueugnon, Beauvais, Pacy, Orl\u00e9ans, Cr\u00e9teil, Rouen, Strasbourg, Guingamp, Colmar, Plabennec, Colombes (contre Alfortville), Luzenac et Amiens.<\/p>\n<p style=\"text-align: justify;\">\u00a0Nous avons \u00e9galement effectu\u00e9 les d\u00e9placements \u00e0 Angers, Amiens, Sochaux et Auxerre afin d\u2019encourager notre \u00e9quipe en Coupe de la Ligue et \u00e0 Istres en Coupe de France.<\/p>\n<p style=\"text-align: justify;\">\u00a0Deux de ces d\u00e9placements ont \u00e9t\u00e9 enti\u00e8rement financ\u00e9s par le Club des Supporters dont celui \u00e0 Amiens, lors de l\u2019ultime journ\u00e9e, effectu\u00e9 en car. 37 personnes ont particip\u00e9 \u00e0 ce d\u00e9placement. Les participants \u00e9taient satisfaits.<\/p>\n<p style=\"text-align: justify;\">\u00a0Les dirigeants du Sporting, le staff technique et les joueurs ont particuli\u00e8rement appr\u00e9ci\u00e9 ce soutien, et nous l\u2019ont fait savoir \u00e0 plusieurs reprises.<\/p>\n<p><span style=\"text-decoration: underline;\">Soir\u00e9es<\/span><\/p>\n<p style=\"text-align: justify;\">\u00a0La traditionnelle soir\u00e9e \u00ab\u00a0Corse\u00a0\u00bb s\u2019est d\u00e9roul\u00e9e au si\u00e8ge. Ambiance et bonne cuisine \u00e9taient au rendez-vous.<\/p>\n<p style=\"text-align: justify;\">Un repas \u00e9tait \u00e9galement pr\u00e9vu en pr\u00e9sence des dirigeants du Sporting le jour de la rencontre face au Paris FC. Un probl\u00e8me de timing trop serr\u00e9 n\u2019a pas permis \u00e0 ces derniers d\u2019honorer ce rendez-vous. Ce n\u2019est que partie remise.<\/p>\n<p style=\"text-align: justify;\"><span style=\"text-decoration: underline;\">Communication<\/span><\/p>\n<p>\u00a0Notre site Internet est en continuelle \u00e9volution. L\u2019augmentation significative du nombre de visites en un an est tr\u00e8s encourageante.<\/p>\n<p><span style=\"text-decoration: underline;\">Quelques chiffres:<\/span><\/p>\n<p>Du 1<sup>er<\/sup> juillet 2009 au 30 juin 2010 nous avions re\u00e7u 13878 visiteurs.<\/p>\n<p>Du 1<sup>er<\/sup> juillet 2010 au 17 juin 2011 nous en avons eu 26698 visiteurs.<\/p>\n<p>La journ\u00e9e du 4 avril 2011, 816 visiteurs suite au match de CFA2 face au Paris FC.<\/p>\n<p>La page la plus visit\u00e9e est celle concernant le prochain d\u00e9placement (3809 visites)<\/p>\n<p>L\u2019ITW du coach de la CFA2, Beno\u00eet Tavenot, a \u00e9t\u00e9 lu par 480 personnes..<\/p>\n<p>&nbsp;<\/p>\n<p><span style=\"text-decoration: underline;\">R\u00e9compense\u00a0<\/span><\/p>\n<p style=\"text-align: justify;\">Le titre de meilleur joueur de la saison 2010-2011 a \u00e9t\u00e9 attribu\u00e9 par les adh\u00e9rents \u00e0 Mac\u00e9do Novaes avec 66 points devant David Suarez 31 points et Yannick Cahuzac 29 points. F\u00e9licitations donc \u00e0 Mac\u00e9do qui remporte ce titre pour la deuxi\u00e8me fois.<\/p>\n<p><span style=\"text-decoration: underline;\">Remerciements <\/span><em><\/em><\/p>\n<p style=\"text-align: justify;\">Le conseil d\u2019Administration remercie tr\u00e8s chaleureusement la SNCM qui par l\u2019interm\u00e9diaire de M. Pierre-Andr\u00e9 Giovannini son Directeur pour la Corse nous offre le billet AR Corse-Continent servant de lot pour notre jeu-concours du meilleur joueur.<\/p>\n<p style=\"text-align: justify;\">Le conseil d\u2019Administration tient \u00e0 remercier, une nouvelle fois, les dirigeants du Sporting, et tout particuli\u00e8rement J\u00e9r\u00f4me N\u00e9groni qui nous a aid\u00e9s \u00e0 chacun de nos d\u00e9placements. Nous remercions \u00e9galement l\u2019ensemble du staff technique et des joueurs pour la disponibilit\u00e9 et leur gentillesse dont ils ont fait preuve \u00e0 l\u2019issue de chacun des matchs.<\/p>\n<p>&nbsp;<\/p>\n<p>&nbsp;<\/p>\n<p>&nbsp;<\/p>\n<p>&nbsp;<\/p>\n<p align=\"left\">\u00a0<\/p>\n<p align=\"left\">\u00a0<\/p>\n<p align=\"left\">\u00a0<\/p>\n<p>&nbsp;<\/p>\n<div class=\"pvc_clear\"><\/div>\n<p id=\"pvc_stats_2500\" class=\"pvc_stats total_only  \" data-element-id=\"2500\" style=\"\"><i class=\"pvc-stats-icon small\" aria-hidden=\"true\"><svg xmlns=\"http:\/\/www.w3.org\/2000\/svg\" version=\"1.0\" viewBox=\"0 0 502 315\" preserveAspectRatio=\"xMidYMid meet\"><g transform=\"translate(0,332) scale(0.1,-0.1)\" fill=\"\" stroke=\"none\"><path d=\"M2394 3279 l-29 -30 -3 -207 c-2 -182 0 -211 15 -242 39 -76 157 -76 196 0 15 31 17 60 15 243 l-3 209 -33 29 c-26 23 -41 29 -80 29 -41 0 -53 -5 -78 -31z\"\/><path d=\"M3085 3251 c-45 -19 -58 -50 -96 -229 -47 -217 -49 -260 -13 -295 52 -53 146 -42 177 20 16 31 87 366 87 410 0 70 -86 122 -155 94z\"\/><path d=\"M1751 3234 c-13 -9 -29 -31 -37 -50 -12 -29 -10 -49 21 -204 19 -94 39 -189 45 -210 14 -50 54 -80 110 -80 34 0 48 6 76 34 21 21 34 44 34 59 0 14 -18 113 -40 219 -37 178 -43 195 -70 221 -36 32 -101 37 -139 11z\"\/><path d=\"M1163 3073 c-36 -7 -73 -59 -73 -102 0 -56 133 -378 171 -413 34 -32 83 -37 129 -13 70 36 67 87 -16 290 -86 209 -89 214 -129 231 -35 14 -42 15 -82 7z\"\/><path d=\"M3689 3066 c-15 -9 -33 -30 -42 -48 -48 -103 -147 -355 -147 -375 0 -98 131 -148 192 -74 13 15 57 108 97 206 80 196 84 226 37 273 -30 30 -99 39 -137 18z\"\/><path d=\"M583 2784 c-38 -19 -67 -74 -58 -113 9 -42 211 -354 242 -373 16 -10 45 -18 66 -18 51 0 107 52 107 100 0 39 -1 41 -124 234 -80 126 -108 162 -133 173 -41 17 -61 16 -100 -3z\"\/><path d=\"M4250 2784 c-14 -9 -74 -91 -133 -183 -95 -150 -107 -173 -107 -213 0 -55 33 -94 87 -104 67 -13 90 8 211 198 130 202 137 225 78 284 -27 27 -42 34 -72 34 -22 0 -50 -8 -64 -16z\"\/><path d=\"M2275 2693 c-553 -48 -1095 -270 -1585 -649 -135 -104 -459 -423 -483 -476 -23 -49 -22 -139 2 -186 73 -142 361 -457 571 -626 285 -228 642 -407 990 -497 242 -63 336 -73 660 -74 310 0 370 5 595 52 535 111 1045 392 1455 803 122 121 250 273 275 326 19 41 19 137 0 174 -41 79 -309 363 -465 492 -447 370 -946 591 -1479 653 -113 14 -422 18 -536 8z m395 -428 c171 -34 330 -124 456 -258 112 -119 167 -219 211 -378 27 -96 24 -300 -5 -401 -72 -255 -236 -447 -474 -557 -132 -62 -201 -76 -368 -76 -167 0 -236 14 -368 76 -213 98 -373 271 -451 485 -162 444 86 934 547 1084 153 49 292 57 452 25z m909 -232 c222 -123 408 -262 593 -441 76 -74 138 -139 138 -144 0 -16 -233 -242 -330 -319 -155 -123 -309 -223 -461 -299 l-81 -41 32 46 c18 26 49 83 70 128 143 306 141 649 -6 957 -25 52 -61 116 -79 142 l-34 47 45 -20 c26 -10 76 -36 113 -56z m-2057 25 c-40 -58 -105 -190 -130 -263 -110 -324 -59 -707 132 -981 25 -35 42 -64 37 -64 -19 0 -241 119 -326 174 -188 122 -406 314 -532 468 l-58 71 108 103 c185 178 428 349 672 473 66 33 121 60 123 61 2 0 -10 -19 -26 -42z\"\/><path d=\"M2375 1950 c-198 -44 -350 -190 -395 -379 -18 -76 -8 -221 19 -290 114 -284 457 -406 731 -260 98 52 188 154 231 260 27 69 37 214 19 290 -38 163 -166 304 -326 360 -67 23 -215 33 -279 19z\"\/><\/g><\/svg><\/i> <img loading=\"lazy\" decoding=\"async\" width=\"16\" height=\"16\" alt=\"Loading\" src=\"https:\/\/www.turchini75.com\/v1\/wp-content\/plugins\/page-views-count\/ajax-loader-2x.gif\" border=0 \/><\/p>\n<div class=\"pvc_clear\"><\/div>\n","protected":false},"excerpt":{"rendered":"<p>CLUB DES SUPPORTERS DU S.C. BASTIA A PARIS L\u2019Elys\u00e9e Saint Honor\u00e9 130 Rue du Fg Saint Honor\u00e9 75008 Paris T\u00e9l. : 01 42 [&hellip;]<\/p>\n","protected":false},"author":2,"featured_media":5836,"comment_status":"open","ping_status":"open","sticky":false,"template":"","format":"standard","meta":{"footnotes":""},"categories":[65,3],"tags":[105,29],"class_list":["post-2500","post","type-post","status-publish","format-standard","has-post-thumbnail","hentry","category-historique-des-ag","category-lassociation","tag-2010-2011","tag-assemblee-generale"],"a3_pvc":{"activated":true,"total_views":197,"today_views":0},"amp_enabled":true,"_links":{"self":[{"href":"https:\/\/www.turchini75.com\/v1\/wp-json\/wp\/v2\/posts\/2500","targetHints":{"allow":["GET"]}}],"collection":[{"href":"https:\/\/www.turchini75.com\/v1\/wp-json\/wp\/v2\/posts"}],"about":[{"href":"https:\/\/www.turchini75.com\/v1\/wp-json\/wp\/v2\/types\/post"}],"author":[{"embeddable":true,"href":"https:\/\/www.turchini75.com\/v1\/wp-json\/wp\/v2\/users\/2"}],"replies":[{"embeddable":true,"href":"https:\/\/www.turchini75.com\/v1\/wp-json\/wp\/v2\/comments?post=2500"}],"version-history":[{"count":0,"href":"https:\/\/www.turchini75.com\/v1\/wp-json\/wp\/v2\/posts\/2500\/revisions"}],"wp:featuredmedia":[{"embeddable":true,"href":"https:\/\/www.turchini75.com\/v1\/wp-json\/wp\/v2\/media\/5836"}],"wp:attachment":[{"href":"https:\/\/www.turchini75.com\/v1\/wp-json\/wp\/v2\/media?parent=2500"}],"wp:term":[{"taxonomy":"category","embeddable":true,"href":"https:\/\/www.turchini75.com\/v1\/wp-json\/wp\/v2\/categories?post=2500"},{"taxonomy":"post_tag","embeddable":true,"href":"https:\/\/www.turchini75.com\/v1\/wp-json\/wp\/v2\/tags?post=2500"}],"curies":[{"name":"wp","href":"https:\/\/api.w.org\/{rel}","templated":true}]}}