{"id":1767,"date":"2010-10-12T15:44:24","date_gmt":"2010-10-12T13:44:24","guid":{"rendered":"http:\/\/www.turchini75.com\/v1\/?p=1767"},"modified":"2012-06-08T14:03:46","modified_gmt":"2012-06-08T12:03:46","slug":"assemblee-generale-saison-2009-%e2%80%93-2010","status":"publish","type":"post","link":"https:\/\/www.turchini75.com\/v1\/2010\/10\/12\/assemblee-generale-saison-2009-%e2%80%93-2010\/","title":{"rendered":"Assembl\u00e9e G\u00e9n\u00e9rale Saison 2009 \u2013 2010"},"content":{"rendered":"<p>\u00a0AG 2009 &#8211; 2010<\/p>\n<p>\u00a0\u00a0\u00a0\u00a0\u00a0\u00a0\u00a0\u00a0\u00a0\u00a0\u00a0\u00a0\u00a0\u00a0\u00a0 \u00a0\u00a0\u00a0\u00a0\u00a0\u00a0\u00a0\u00a0\u00a0\u00a0\u00a0 <strong>CLUB DES SUPPORTERS\u00a0DU SC BASTIA\u00a0A PARIS\u00a0<\/strong><br \/>\n<strong>\u00a0\u00a0\u00a0\u00a0\u00a0\u00a0\u00a0\u00a0<\/strong>\u00a0\u00a0\u00a0\u00a0\u00a0\u00a0\u00a0\u00a0\u00a0\u00a0\u00a0\u00a0\u00a0\u00a0\u00a0\u00a0\u00a0\u00a0\u00a0\u00a0\u00a0\u00a0\u00a0\u00a0\u00a0\u00a0\u00a0\u00a0 \u00a0\u00a068 Rue des Entrepreneurs 75015\u00a0 PARIS<em>\u00a0\u00a0<\/em><br \/>\n<em>\u00a0\u00a0\u00a0\u00a0\u00a0\u00a0\u00a0\u00a0\u00a0\u00a0\u00a0\u00a0\u00a0\u00a0\u00a0\u00a0\u00a0\u00a0\u00a0\u00a0\u00a0\u00a0\u00a0\u00a0\u00a0\u00a0\u00a0\u00a0\u00a0\u00a0\u00a0\u00a0\u00a0\u00a0\u00a0\u00a0\u00a0\u00a0\u00a0\u00a0\u00a0\u00a0\u00a0\u00a0\u00a0\u00a0\u00a0\u00a0\u00a0\u00a0\u00a0 \u00a0\u00a0\u00a0\u00a0\u00a0\u00a0\u00a0T\u00e9l.\u00a0: 01 45 79 57 71\u00a0<\/em><\/p>\n<h4>\u00a0\u00a0\u00a0\u00a0<\/h4>\n<p style=\"text-align: justify;\">Le Club des Supporters du SC Bastia \u00e0 Paris a tenu son Assembl\u00e9e G\u00e9n\u00e9rale ordinaire le vendredi 18\u00a0 juin 2010, \u00e0 \u00ab\u00a0L\u2019Elys\u00e9e Saint Honor\u00e9\u00bb, 75008 Paris.<\/p>\n<p style=\"text-align: justify;\">Etaient pr\u00e9sents\u00a0ou repr\u00e9sent\u00e9s: Pierre Andr\u00e9ani, Dominique Astolfi, Marie-Caroline Astolfi, Jean-Baptiste Astolfi, Jean-Paul Battesti,\u00a0 Maryline Bouguet-Fuster, Baptiste Bouguet-Fuster, Jacques Brocard, Jean No\u00ebl Bur\u00e9si, Denise Chetard-Folacci, Roger Chetard, Jacques Chevrier, Charles Cottoni, Jean Pierre Cun\u00e9o, Benjamin Cun\u00e9o, Thomas Cun\u00e9o, Andr\u00e9 du Temple, St\u00e9phane Ferrali, Hugo Ferrali, Michel Fuster, Marcelle Fuster, Yves Leclerc, Fanny Leclerc, Julien Mari, Jacques Martelli, Eric Morlaix, Antoine Mucchielli, Jean-Marc Pannier-Martini,\u00a0 Jacques Papot, Jean Risterucci, Lucette Sals, Claude Sei, Pierre Vinciguerra, Chantal Vinciguerra.<\/p>\n<p style=\"text-align: justify;\">Le Pr\u00e9sident ouvre la s\u00e9ance \u00e0 20 heures le quorum \u00e9tant atteint. Il remercie les participants.<\/p>\n<p style=\"text-align: justify;\">Le Secr\u00e9taire dresse le bilan des diverses actions entreprises durant la saison 2009-2010 (Un compte-rendu est joint en annexe).<\/p>\n<p style=\"text-align: justify;\">Le Tr\u00e9sorier pr\u00e9sente le bilan financier. Le livre de comptes \u00e9tant \u00e0 la disposition des participants, aucune r\u00e9serve n\u2019\u00e9tant port\u00e9e, le bilan\u00a0 est approuv\u00e9 \u00e0 l\u2019unanimit\u00e9 de l\u2019assembl\u00e9e.<\/p>\n<p style=\"text-align: justify;\"><strong><span style=\"text-decoration: underline;\">Election du Conseil d\u2019Administration 2010\/2011<\/span><\/strong>\u00a0:<\/p>\n<p style=\"text-align: justify;\">8 membres sont \u00e9lus ou r\u00e9\u00e9lus.<\/p>\n<p style=\"text-align: justify;\">&#8211;\u00a0\u00a0\u00a0\u00a0\u00a0\u00a0 Jean-No\u00ebl Bur\u00e9si : r\u00e9\u00e9lu<\/p>\n<p style=\"text-align: justify;\">&#8211;\u00a0\u00a0\u00a0\u00a0\u00a0\u00a0 Jean-Pierre Cun\u00e9o\u00a0: r\u00e9\u00e9lu<\/p>\n<p style=\"text-align: justify;\">&#8211;\u00a0\u00a0\u00a0\u00a0\u00a0\u00a0 Marie-Caroline Astolfi : r\u00e9\u00e9lue<\/p>\n<p style=\"text-align: justify;\">&#8211;\u00a0\u00a0\u00a0\u00a0\u00a0\u00a0 Lucette Sals\u00a0: r\u00e9\u00e9lue<\/p>\n<p style=\"text-align: justify;\">&#8211;\u00a0\u00a0\u00a0\u00a0\u00a0\u00a0 Alain Nouvet\u00a0: \u00e9lu<\/p>\n<p style=\"text-align: justify;\">&#8211;\u00a0\u00a0\u00a0\u00a0\u00a0\u00a0 Matteu Martelli\u00a0: \u00e9lu<\/p>\n<p style=\"text-align: justify;\">&#8211;\u00a0\u00a0\u00a0\u00a0\u00a0\u00a0 Charles Cottoni\u00a0: \u00e9lu<\/p>\n<p style=\"text-align: justify;\">&#8211;\u00a0\u00a0\u00a0\u00a0\u00a0\u00a0 Jean Viola\u00a0: \u00e9lu<\/p>\n<p>\u00a0\u00a0\u00a0\u00a0\u00a0\u00a0\u00a0\u00a0\u00a0\u00a0 \u00a0\u00a0\u00a0\u00a0\u00a0\u00a0\u00a0\u00a0\u00a0\u00a0\u00a0\u00a0\u00a0\u00a0\u00a0\u00a0\u00a0\u00a0\u00a0\u00a0\u00a0\u00a0\u00a0\u00a0\u00a0\u00a0\u00a0\u00a0\u00a0<\/p>\n<p>\u00a0<strong><span style=\"text-decoration: underline;\">Comit\u00e9 Directeur\u00a02010 \/ 2011\u00a0:<\/span><\/strong><\/p>\n<p>A l\u2019issue d\u2019un vote \u00e0 bulletins secrets, le bureau se compose de\u00a0:<\/p>\n<p>&#8211;\u00a0\u00a0 Pr\u00e9sident \u00a0\u00a0\u00a0\u00a0\u00a0\u00a0\u00a0\u00a0\u00a0\u00a0\u00a0\u00a0\u00a0\u00a0\u00a0\u00a0\u00a0\u00a0\u00a0\u00a0\u00a0\u00a0\u00a0\u00a0\u00a0\u00a0\u00a0\u00a0\u00a0\u00a0\u00a0\u00a0\u00a0\u00a0\u00a0\u00a0\u00a0\u00a0\u00a0\u00a0\u00a0\u00a0\u00a0\u00a0\u00a0\u00a0\u00a0\u00a0\u00a0\u00a0\u00a0\u00a0\u00a0\u00a0\u00a0\u00a0\u00a0\u00a0\u00a0\u00a0 \u00a0\u00a0\u00a0\u00a0 :\u00a0\u00a0\u00a0\u00a0\u00a0\u00a0\u00a0\u00a0\u00a0\u00a0\u00a0\u00a0\u00a0\u00a0\u00a0\u00a0\u00a0 Pierre Vinciguerra<\/p>\n<p>&#8211;\u00a0\u00a0 Vice-Pr\u00e9sident\u00a0\u00a0\u00a0\u00a0\u00a0\u00a0\u00a0\u00a0\u00a0\u00a0\u00a0\u00a0\u00a0\u00a0\u00a0\u00a0\u00a0\u00a0\u00a0\u00a0\u00a0\u00a0\u00a0\u00a0\u00a0\u00a0\u00a0\u00a0\u00a0\u00a0\u00a0\u00a0\u00a0\u00a0\u00a0\u00a0\u00a0\u00a0\u00a0\u00a0\u00a0\u00a0\u00a0\u00a0\u00a0\u00a0\u00a0\u00a0\u00a0\u00a0\u00a0\u00a0\u00a0\u00a0\u00a0\u00a0 :\u00a0\u00a0\u00a0\u00a0\u00a0\u00a0\u00a0\u00a0\u00a0\u00a0\u00a0\u00a0\u00a0\u00a0\u00a0\u00a0\u00a0 Michel Fuster<\/p>\n<p>&#8211;\u00a0\u00a0 Vice-Pr\u00e9sident\u00a0\u00a0\u00a0\u00a0\u00a0\u00a0\u00a0\u00a0\u00a0\u00a0\u00a0\u00a0\u00a0\u00a0\u00a0\u00a0\u00a0\u00a0\u00a0\u00a0\u00a0\u00a0\u00a0\u00a0\u00a0\u00a0\u00a0\u00a0\u00a0\u00a0\u00a0\u00a0\u00a0\u00a0\u00a0\u00a0\u00a0\u00a0\u00a0\u00a0\u00a0\u00a0\u00a0\u00a0\u00a0\u00a0\u00a0\u00a0\u00a0\u00a0\u00a0\u00a0\u00a0\u00a0\u00a0\u00a0 :\u00a0\u00a0\u00a0\u00a0\u00a0\u00a0\u00a0\u00a0\u00a0\u00a0\u00a0\u00a0\u00a0\u00a0\u00a0\u00a0\u00a0 Jean Viola<\/p>\n<p>&#8211;\u00a0\u00a0 Tr\u00e9sorier G\u00e9n\u00e9ral\u00a0\u00a0\u00a0\u00a0\u00a0\u00a0\u00a0\u00a0\u00a0\u00a0\u00a0\u00a0\u00a0\u00a0\u00a0\u00a0\u00a0\u00a0\u00a0\u00a0\u00a0\u00a0\u00a0\u00a0\u00a0\u00a0\u00a0\u00a0\u00a0\u00a0\u00a0\u00a0\u00a0\u00a0\u00a0\u00a0\u00a0\u00a0\u00a0\u00a0\u00a0\u00a0\u00a0\u00a0\u00a0\u00a0\u00a0\u00a0\u00a0\u00a0\u00a0 :\u00a0\u00a0\u00a0\u00a0\u00a0\u00a0\u00a0\u00a0\u00a0\u00a0\u00a0\u00a0\u00a0\u00a0\u00a0\u00a0\u00a0 Jean No\u00ebl Bur\u00e9si<\/p>\n<p>&#8211;\u00a0\u00a0 Secr\u00e9taire G\u00e9n\u00e9ral\u00a0\u00a0\u00a0\u00a0\u00a0\u00a0\u00a0\u00a0\u00a0\u00a0\u00a0\u00a0\u00a0\u00a0\u00a0\u00a0\u00a0\u00a0\u00a0\u00a0\u00a0\u00a0\u00a0\u00a0\u00a0\u00a0\u00a0\u00a0\u00a0\u00a0\u00a0\u00a0\u00a0\u00a0\u00a0\u00a0\u00a0\u00a0\u00a0\u00a0\u00a0\u00a0\u00a0\u00a0\u00a0\u00a0\u00a0\u00a0\u00a0 :\u00a0\u00a0\u00a0\u00a0\u00a0\u00a0\u00a0\u00a0\u00a0\u00a0\u00a0\u00a0\u00a0\u00a0\u00a0\u00a0\u00a0 Yves Leclerc<\/p>\n<p>\u00a0<span style=\"text-decoration: underline;\">M<strong>ontant des cotisations pour la saison 2010 \/ 2011\u00a0:<\/strong><\/span><\/p>\n<p>\u00a0Les cotisations restent inchang\u00e9es \u00e0 savoir\u00a0:<\/p>\n<p>&#8211;\u00a0 Membre Bienfaiteur\u00a0\u00a0\u00a0\u00a0\u00a0\u00a0\u00a0\u00a0\u00a0\u00a0\u00a0\u00a0\u00a0\u00a0\u00a0\u00a0\u00a0\u00a0\u00a0\u00a0\u00a0\u00a0\u00a0\u00a0\u00a0\u00a0\u00a0\u00a0\u00a0\u00a0\u00a0\u00a0\u00a0\u00a0\u00a0\u00a0\u00a0\u00a0\u00a0\u00a0\u00a0\u00a0\u00a0\u00a0\u00a0\u00a0\u00a0 :\u00a0\u00a0\u00a0\u00a0\u00a0\u00a0\u00a0\u00a0\u00a0\u00a0\u00a0\u00a0\u00a0\u00a0\u00a0\u00a0\u00a0 40 \u20ac et plus<\/p>\n<p>&#8211;\u00a0 Membre Actif\u00a0\u00a0\u00a0\u00a0\u00a0\u00a0\u00a0\u00a0\u00a0\u00a0\u00a0\u00a0\u00a0\u00a0\u00a0\u00a0\u00a0\u00a0\u00a0\u00a0\u00a0\u00a0\u00a0\u00a0\u00a0\u00a0\u00a0\u00a0\u00a0\u00a0\u00a0\u00a0\u00a0\u00a0\u00a0\u00a0\u00a0\u00a0\u00a0\u00a0\u00a0\u00a0\u00a0\u00a0\u00a0\u00a0\u00a0\u00a0\u00a0\u00a0\u00a0\u00a0\u00a0\u00a0\u00a0\u00a0\u00a0\u00a0\u00a0\u00a0 :\u00a0\u00a0\u00a0\u00a0\u00a0\u00a0\u00a0\u00a0\u00a0\u00a0\u00a0\u00a0\u00a0\u00a0\u00a0\u00a0\u00a0 25 \u20ac<\/p>\n<p>&#8211;\u00a0 Membre Sympathisant\u00a0\u00a0\u00a0\u00a0\u00a0\u00a0\u00a0\u00a0\u00a0\u00a0\u00a0\u00a0\u00a0\u00a0\u00a0\u00a0\u00a0\u00a0\u00a0\u00a0\u00a0\u00a0\u00a0\u00a0\u00a0\u00a0\u00a0\u00a0\u00a0\u00a0\u00a0\u00a0\u00a0\u00a0\u00a0\u00a0\u00a0\u00a0\u00a0\u00a0\u00a0 :\u00a0\u00a0\u00a0\u00a0\u00a0\u00a0\u00a0\u00a0\u00a0\u00a0\u00a0\u00a0\u00a0\u00a0\u00a0\u00a0\u00a0 15 \u20ac<\/p>\n<p>&#8211;\u00a0 Membre Etudiant\u00a0\u00a0\u00a0\u00a0\u00a0\u00a0\u00a0\u00a0\u00a0\u00a0\u00a0\u00a0\u00a0\u00a0\u00a0\u00a0\u00a0\u00a0\u00a0\u00a0\u00a0\u00a0\u00a0\u00a0\u00a0\u00a0\u00a0\u00a0\u00a0\u00a0\u00a0\u00a0\u00a0\u00a0\u00a0\u00a0\u00a0\u00a0\u00a0\u00a0\u00a0\u00a0\u00a0\u00a0\u00a0\u00a0\u00a0\u00a0\u00a0\u00a0\u00a0\u00a0\u00a0 :\u00a0\u00a0\u00a0\u00a0\u00a0\u00a0\u00a0\u00a0\u00a0\u00a0\u00a0\u00a0\u00a0\u00a0\u00a0\u00a0\u00a0 10 \u20ac<\/p>\n<p><strong><span style=\"text-decoration: underline;\">Changement de si\u00e8ge\u00a0:<\/span><\/strong><\/p>\n<p>\u00a0Apr\u00e8s de nombreuses recherches, le Pr\u00e9sident propose de d\u00e9placer le si\u00e8ge de l\u2019association de la brasserie \u00ab\u00a0le Zouave\u00a0\u00bb 68 rue des Entrepreneurs 75015 \u00e0 la brasserie \u00ab\u00a0L\u2019Elys\u00e9e Saint Honor\u00e9\u00a0\u00bb 130 Rue du Faubourg Saint Honor\u00e9 75008 Paris. Cette proposition mise au vote est adopt\u00e9e \u00e0 l\u2019unanimit\u00e9 des pr\u00e9sents et repr\u00e9sent\u00e9s.<\/p>\n<p style=\"text-align: center;\">**********<\/p>\n<p>\u00a0<\/p>\n<p><strong><span style=\"text-decoration: underline;\">Questions diverses\u00a0:<\/span><\/strong><\/p>\n<p style=\"text-align: justify;\">&gt;\u00a0\u00a0\u00a0\u00a0\u00a0\u00a0 Le Pr\u00e9sident dresse le bilan de la soir\u00e9e \u00ab\u00a0Corse\u00a0\u00bb. Cette soir\u00e9e s\u2019est tenue le 26 mars 2010. Elle a rencontr\u00e9 un franc succ\u00e8s. Le Pr\u00e9sident remercie M. Fran\u00e7ois Grimaldi pour l\u2019accueil qu\u2019il nous a r\u00e9serv\u00e9 avec son \u00e9quipe lors de cette soir\u00e9e.<\/p>\n<p style=\"text-align: justify;\">&gt;\u00a0\u00a0\u00a0\u00a0\u00a0\u00a0\u00a0 Il est d\u00e9cid\u00e9 de ne pas d\u00e9cerner cette ann\u00e9e le titre de meilleur joueur de la saison. En effet, vu le nombre tr\u00e8s peu \u00e9lev\u00e9 de r\u00e9ponses, et le r\u00e9sultat final de la saison n\u2019incitent gu\u00e8re aux r\u00e9compenses.\u00a0<\/p>\n<p style=\"text-align: justify;\">&gt;\u00a0\u00a0\u00a0\u00a0\u00a0\u00a0\u00a0 Le Pr\u00e9sident propose d\u2019augmenter le nombre de d\u00e9placements pay\u00e9s par le Club afin de continuer \u00e0 aider nos jeunes supporters. Cette proposition est adopt\u00e9e \u00e0 l\u2019unanimit\u00e9.<\/p>\n<p style=\"text-align: justify;\">&gt;\u00a0\u00a0\u00a0\u00a0\u00a0\u00a0 Des am\u00e9liorations ont \u00e9t\u00e9 apport\u00e9es au site Turchini75.com. Une rubrique permet \u00e0 nos visiteurs de r\u00e9agir aux diff\u00e9rentes \u00ab\u00a0Unes\u00a0\u00bb ou de s\u00a0\u2018exprimer sur le Sporting. Afin d\u2019\u00e9viter tout risques de d\u00e9rapages, un contr\u00f4le est effectu\u00e9 sur les messages avant d\u2019\u00eatre mis en ligne.\u00a0 A l\u2019image d\u2019autres sites, des annonces publicitaires apparaissent. Ces annonces devraient g\u00e9n\u00e9rer quelques revenus.<\/p>\n<p style=\"text-align: justify;\">\u00a0L\u2019ordre du jour \u00e9tant \u00e9puis\u00e9, le Pr\u00e9sident remercie encore une fois nos partenaires la <strong>SNCM<\/strong>, la <strong>Soci\u00e9t\u00e9 SIXT, Monsieur et Madame Morlaix<\/strong> qui participent grandement \u00e0 la vie de notre Association,<\/p>\n<p>La s\u00e9ance est lev\u00e9e \u00e0 21 heures 30.<\/p>\n<p>\u00a0\u00a0\u00a0_-_-_-_-_-_-_-_-_-_-_-_-_-_-_-_-_-_-_-_-_-_-_-_-_-_-_-_-_-_-_-_-_-_-_-<\/p>\n<p style=\"text-align: center;\">\u00a0\u00a0<strong>COMPTE-RENDU DU SECRETAIRE GENERAL<\/strong><\/p>\n<p style=\"text-align: center;\">SAISON 2009-2010<\/p>\n<p><span style=\"text-decoration: underline;\">\u00a0Adh\u00e9sions<\/span><\/p>\n<p>Au 1er juin 2010, nous\u00a0 comptons 51 adh\u00e9rents.<\/p>\n<p>&#8211;\u00a0\u00a0\u00a0\u00a0\u00a0\u00a0\u00a0\u00a0 14 membres bienfaiteurs<\/p>\n<p>&#8211;\u00a0\u00a0\u00a0\u00a0\u00a0\u00a0\u00a0\u00a0 22 membres actifs<\/p>\n<p>&#8211;\u00a0\u00a0\u00a0\u00a0\u00a0\u00a0\u00a0\u00a0 \u00a0\u00a07 membres sympathisants<\/p>\n<p>&#8211;\u00a0\u00a0\u00a0\u00a0\u00a0\u00a0\u00a0\u00a0 \u00a0\u00a08 membres \u00e9tudiants<\/p>\n<p><span style=\"text-decoration: underline;\">Conseil d\u2019administration<\/span><\/p>\n<p style=\"text-align: justify;\">Conform\u00e9ment \u00e0 ses statuts le Conseil d\u2019Administration a tenu deux s\u00e9ances les et 29 janvier 2010. La premi\u00e8re de ces s\u00e9ances \u00e9tait consacr\u00e9e \u00e0 la pr\u00e9paration de la soir\u00e9e annuelle. La deuxi\u00e8me \u00e0 la mise \u00e0 jour du fichier adh\u00e9rents et \u00e0 la pr\u00e9paration de l\u2019assembl\u00e9e g\u00e9n\u00e9rale.<\/p>\n<p>\u00a0<\/p>\n<p><span style=\"text-decoration: underline;\">D\u00e9placements effectu\u00e9s<\/span><\/p>\n<p style=\"text-align: justify;\">Les d\u00e9placements sont effectu\u00e9s par un groupe d\u2019une dizaine de jeunes et moins jeunes supporters.<\/p>\n<p style=\"text-align: justify;\">Cette ann\u00e9e, malgr\u00e9 des r\u00e9sultats d\u00e9cevants surtout \u00e0 l\u2019ext\u00e9rieur, 15 d\u00e9placements ont \u00e9t\u00e9 effectu\u00e9s. Le Club des Supporters a \u00e9t\u00e9 repr\u00e9sent\u00e9 \u00e0 Metz, Dijon, Sedan, Angers, Vannes,\u00a0\u00a0 Caen, Laval, Nantes, Ch\u00e2teauroux, Le Havre, Brest, Clermont et Tours.<\/p>\n<p style=\"text-align: justify;\">Trois de ces d\u00e9placements ont \u00e9t\u00e9 enti\u00e8rement financ\u00e9s par le Club des Supporters \u00e0 la plus grande joie de nos jeunes.<\/p>\n<p style=\"text-align: justify;\">Nous avons \u00e9galement effectu\u00e9 le d\u00e9placement \u00e0 Metz afin d\u2019encourager notre \u00e9quipe en Coupe de la Ligue et \u00e0 Marignane en Coupe de France. Malheureusement l\u2019aventure s\u2019est termin\u00e9e les deux fois sur une d\u00e9faite (1 \u00e0 0)\u00a0 du Sporting.<\/p>\n<p style=\"text-align: justify;\"><span style=\"text-decoration: underline;\">Soir\u00e9es<\/span><\/p>\n<p style=\"text-align: justify;\">La traditionnelle \u00ab\u00a0soir\u00e9e Corse\u00a0\u00bb s&rsquo;est d\u00e9roul\u00e9e le vendredi 26 mars au Lamark. Musique et chants ont accompagn\u00e9\u00a0une excellente cuisine. Fran\u00e7ois Grimaldi, le propri\u00e9taire des lieux, a grandement particip\u00e9 \u00e0 la r\u00e9ussite de cette soir\u00e9e. Nous le remercions chaleureusement.<\/p>\n<p>\u00a0<span style=\"text-decoration: underline;\">Communication <\/span><\/p>\n<p>Une fois encore, les mauvais r\u00e9sultats du Sporting ont limit\u00e9 nos actions de communication vers nos adh\u00e9rents.<strong><em><\/em><\/strong><\/p>\n<p style=\"text-align: justify;\">Notre site Internet a \u00e9t\u00e9 am\u00e9lior\u00e9 et compl\u00e9t\u00e9 par de nouvelles rubriques, en particulier les comptes-rendus et les photos des matchs que l\u2019\u00e9quipe de C.F.A.2 a disput\u00e9s dans le groupe Nord. La qualit\u00e9 des commentaires de Philippe, un de nos adh\u00e9rents que nous remercions au passage, a valu \u00e0 \u00ab\u00a0Turchini75.com\u00a0\u00bb l\u2019honneur d\u2019\u00eatre mis en lien depuis le site officiel du Sporting.<\/p>\n<p>Cela nous a permis d\u2019augmenter sensiblement le nombre de visites.<\/p>\n<p><span style=\"text-decoration: underline;\">R\u00e9compense du Meilleur Joueur<\/span>\u00a0<\/p>\n<p style=\"text-align: justify;\">La descente en National est certainement la raison pour laquelle seulement 3 r\u00e9ponses \u00ab\u00a0valables\u00a0\u00bb ont \u00e9t\u00e9 enregistr\u00e9es. Le titre de meilleur joueur de la saison 2009-2010 n\u2019est donc pas attribu\u00e9 cette ann\u00e9e.<\/p>\n<p style=\"text-align: justify;\"><span style=\"text-decoration: underline;\">Remerciements <\/span><\/p>\n<p style=\"text-align: justify;\">Le conseil d\u2019Administration tient \u00e0 remercier, une nouvelle fois, les dirigeants du Sporting, et tout particuli\u00e8rement J\u00e9r\u00f4me N\u00e9groni qui nous a aid\u00e9s \u00e0 chacun de nos d\u00e9placements. Nous souhaitons un bon r\u00e9tablissement \u00e0 Antoine Mucchielli qui a du cesser ses activit\u00e9s au Sporting suite \u00e0 des probl\u00e8mes de sant\u00e9.<\/p>\n<p style=\"text-align: justify;\">\u00a0<\/p>\n<div class=\"pvc_clear\"><\/div>\n<p id=\"pvc_stats_1767\" class=\"pvc_stats total_only  \" data-element-id=\"1767\" style=\"\"><i class=\"pvc-stats-icon small\" aria-hidden=\"true\"><svg xmlns=\"http:\/\/www.w3.org\/2000\/svg\" version=\"1.0\" viewBox=\"0 0 502 315\" preserveAspectRatio=\"xMidYMid meet\"><g transform=\"translate(0,332) scale(0.1,-0.1)\" fill=\"\" stroke=\"none\"><path d=\"M2394 3279 l-29 -30 -3 -207 c-2 -182 0 -211 15 -242 39 -76 157 -76 196 0 15 31 17 60 15 243 l-3 209 -33 29 c-26 23 -41 29 -80 29 -41 0 -53 -5 -78 -31z\"\/><path d=\"M3085 3251 c-45 -19 -58 -50 -96 -229 -47 -217 -49 -260 -13 -295 52 -53 146 -42 177 20 16 31 87 366 87 410 0 70 -86 122 -155 94z\"\/><path d=\"M1751 3234 c-13 -9 -29 -31 -37 -50 -12 -29 -10 -49 21 -204 19 -94 39 -189 45 -210 14 -50 54 -80 110 -80 34 0 48 6 76 34 21 21 34 44 34 59 0 14 -18 113 -40 219 -37 178 -43 195 -70 221 -36 32 -101 37 -139 11z\"\/><path d=\"M1163 3073 c-36 -7 -73 -59 -73 -102 0 -56 133 -378 171 -413 34 -32 83 -37 129 -13 70 36 67 87 -16 290 -86 209 -89 214 -129 231 -35 14 -42 15 -82 7z\"\/><path d=\"M3689 3066 c-15 -9 -33 -30 -42 -48 -48 -103 -147 -355 -147 -375 0 -98 131 -148 192 -74 13 15 57 108 97 206 80 196 84 226 37 273 -30 30 -99 39 -137 18z\"\/><path d=\"M583 2784 c-38 -19 -67 -74 -58 -113 9 -42 211 -354 242 -373 16 -10 45 -18 66 -18 51 0 107 52 107 100 0 39 -1 41 -124 234 -80 126 -108 162 -133 173 -41 17 -61 16 -100 -3z\"\/><path d=\"M4250 2784 c-14 -9 -74 -91 -133 -183 -95 -150 -107 -173 -107 -213 0 -55 33 -94 87 -104 67 -13 90 8 211 198 130 202 137 225 78 284 -27 27 -42 34 -72 34 -22 0 -50 -8 -64 -16z\"\/><path d=\"M2275 2693 c-553 -48 -1095 -270 -1585 -649 -135 -104 -459 -423 -483 -476 -23 -49 -22 -139 2 -186 73 -142 361 -457 571 -626 285 -228 642 -407 990 -497 242 -63 336 -73 660 -74 310 0 370 5 595 52 535 111 1045 392 1455 803 122 121 250 273 275 326 19 41 19 137 0 174 -41 79 -309 363 -465 492 -447 370 -946 591 -1479 653 -113 14 -422 18 -536 8z m395 -428 c171 -34 330 -124 456 -258 112 -119 167 -219 211 -378 27 -96 24 -300 -5 -401 -72 -255 -236 -447 -474 -557 -132 -62 -201 -76 -368 -76 -167 0 -236 14 -368 76 -213 98 -373 271 -451 485 -162 444 86 934 547 1084 153 49 292 57 452 25z m909 -232 c222 -123 408 -262 593 -441 76 -74 138 -139 138 -144 0 -16 -233 -242 -330 -319 -155 -123 -309 -223 -461 -299 l-81 -41 32 46 c18 26 49 83 70 128 143 306 141 649 -6 957 -25 52 -61 116 -79 142 l-34 47 45 -20 c26 -10 76 -36 113 -56z m-2057 25 c-40 -58 -105 -190 -130 -263 -110 -324 -59 -707 132 -981 25 -35 42 -64 37 -64 -19 0 -241 119 -326 174 -188 122 -406 314 -532 468 l-58 71 108 103 c185 178 428 349 672 473 66 33 121 60 123 61 2 0 -10 -19 -26 -42z\"\/><path d=\"M2375 1950 c-198 -44 -350 -190 -395 -379 -18 -76 -8 -221 19 -290 114 -284 457 -406 731 -260 98 52 188 154 231 260 27 69 37 214 19 290 -38 163 -166 304 -326 360 -67 23 -215 33 -279 19z\"\/><\/g><\/svg><\/i> <img loading=\"lazy\" decoding=\"async\" width=\"16\" height=\"16\" alt=\"Loading\" src=\"https:\/\/www.turchini75.com\/v1\/wp-content\/plugins\/page-views-count\/ajax-loader-2x.gif\" border=0 \/><\/p>\n<div class=\"pvc_clear\"><\/div>\n","protected":false},"excerpt":{"rendered":"<p>\u00a0AG 2009 &#8211; 2010 \u00a0\u00a0\u00a0\u00a0\u00a0\u00a0\u00a0\u00a0\u00a0\u00a0\u00a0\u00a0\u00a0\u00a0\u00a0 \u00a0\u00a0\u00a0\u00a0\u00a0\u00a0\u00a0\u00a0\u00a0\u00a0\u00a0 CLUB DES SUPPORTERS\u00a0DU SC BASTIA\u00a0A PARIS\u00a0 \u00a0\u00a0\u00a0\u00a0\u00a0\u00a0\u00a0\u00a0\u00a0\u00a0\u00a0\u00a0\u00a0\u00a0\u00a0\u00a0\u00a0\u00a0\u00a0\u00a0\u00a0\u00a0\u00a0\u00a0\u00a0\u00a0\u00a0\u00a0\u00a0\u00a0\u00a0\u00a0\u00a0\u00a0\u00a0\u00a0 \u00a0\u00a068 Rue des Entrepreneurs 75015\u00a0 PARIS\u00a0\u00a0 \u00a0\u00a0\u00a0\u00a0\u00a0\u00a0\u00a0\u00a0\u00a0\u00a0\u00a0\u00a0\u00a0\u00a0\u00a0\u00a0\u00a0\u00a0\u00a0\u00a0\u00a0\u00a0\u00a0\u00a0\u00a0\u00a0\u00a0\u00a0\u00a0\u00a0\u00a0\u00a0\u00a0\u00a0\u00a0\u00a0\u00a0\u00a0\u00a0\u00a0\u00a0\u00a0\u00a0\u00a0\u00a0\u00a0\u00a0\u00a0\u00a0\u00a0\u00a0 \u00a0\u00a0\u00a0\u00a0\u00a0\u00a0\u00a0T\u00e9l.\u00a0: 01 45 [&hellip;]<\/p>\n","protected":false},"author":2,"featured_media":0,"comment_status":"open","ping_status":"open","sticky":false,"template":"","format":"standard","meta":{"footnotes":""},"categories":[65,3],"tags":[73,29],"class_list":["post-1767","post","type-post","status-publish","format-standard","hentry","category-historique-des-ag","category-lassociation","tag-2009-2010","tag-assemblee-generale"],"a3_pvc":{"activated":true,"total_views":165,"today_views":0},"amp_enabled":true,"_links":{"self":[{"href":"https:\/\/www.turchini75.com\/v1\/wp-json\/wp\/v2\/posts\/1767","targetHints":{"allow":["GET"]}}],"collection":[{"href":"https:\/\/www.turchini75.com\/v1\/wp-json\/wp\/v2\/posts"}],"about":[{"href":"https:\/\/www.turchini75.com\/v1\/wp-json\/wp\/v2\/types\/post"}],"author":[{"embeddable":true,"href":"https:\/\/www.turchini75.com\/v1\/wp-json\/wp\/v2\/users\/2"}],"replies":[{"embeddable":true,"href":"https:\/\/www.turchini75.com\/v1\/wp-json\/wp\/v2\/comments?post=1767"}],"version-history":[{"count":0,"href":"https:\/\/www.turchini75.com\/v1\/wp-json\/wp\/v2\/posts\/1767\/revisions"}],"wp:attachment":[{"href":"https:\/\/www.turchini75.com\/v1\/wp-json\/wp\/v2\/media?parent=1767"}],"wp:term":[{"taxonomy":"category","embeddable":true,"href":"https:\/\/www.turchini75.com\/v1\/wp-json\/wp\/v2\/categories?post=1767"},{"taxonomy":"post_tag","embeddable":true,"href":"https:\/\/www.turchini75.com\/v1\/wp-json\/wp\/v2\/tags?post=1767"}],"curies":[{"name":"wp","href":"https:\/\/api.w.org\/{rel}","templated":true}]}}