{"id":1245,"date":"2010-05-10T15:47:06","date_gmt":"2010-05-10T13:47:06","guid":{"rendered":"http:\/\/www.turchini75.com\/v1\/2010\/05\/10\/cfa2-amiens-ac-bastia-b-1-1\/"},"modified":"2011-08-03T13:18:18","modified_gmt":"2011-08-03T11:18:18","slug":"cfa2-amiens-ac-bastia-b-1-1","status":"publish","type":"post","link":"https:\/\/www.turchini75.com\/v1\/2010\/05\/10\/cfa2-amiens-ac-bastia-b-1-1\/","title":{"rendered":"CFA2 : Amiens AC &#8211; Bastia B 1-1"},"content":{"rendered":"<p>Et c\u2019est FINI \u00a0!!!<\/p>\n<p>Et c\u2019est FINI \u00a0!!!<\/p>\n<p>Et c\u2019est FINI \u00a0!!!<\/p>\n<p>Depuis bient\u00f4t 5 minutes, les supporters locaux ne cessent de clamer \u00e0 l\u2019arbitre qu\u2019il doit siffler la fin du match.<\/p>\n<p>Au milieu de terrain, le num\u00e9ro 8 local commet 3 fautes successives sur M\u2019Bida qui tient malgr\u00e9 tout debout et perfore l\u2019arri\u00e8re garde adverse et lance en profondeur Chaintreuil qui mystifie d\u2019un lob somptueux le gardien local qui ne peut que constater l\u2019\u00e9tendue des d\u00e9gats.<\/p>\n<p>Bastia vient d\u2019\u00e9galiser dans les arr\u00eats de jeu et c\u2019est pure justice tant les bleus ont manifest\u00e9 une grande ma\u00eetrise technique sur le plan collectif \u00a0tout au long du match et la volont\u00e9 de jouer propre vers l\u2019avant.<\/p>\n<p>\u00a0La fin de match est houleuse. Bastia conc\u00e8de une \u00e9norme occasion sur Corner \u00e0 un attaquant adverse qui seul aux six m\u00e8tres d\u00e9visse sa reprise de la t\u00eate \u00a0alors qu\u2019il \u00e9tait esseul\u00e9 aux six m\u00e8tres.<\/p>\n<p>Tellement houleuse que le m\u00eame num\u00e9ro 8 local veut en venir aux mains avec le jeune N\u2019Daye coupable de ne pas c\u00e9der aux intimidations. et d\u2019avoir r\u00e9pliqu\u00e9 \u00e0 une nouvelle salve d\u2019injures.<\/p>\n<p>Le coup de sifflet final exacerbe la frustration des ami\u00e9nois et il faudra 5 minutes de tension et d\u2019attroupement avant que les jeunes bastais ne puissent retourner aux vestiaires sous l\u2019\u0153il d\u2019un arbitre qui \u00e0 l\u2019image de toute la partie aura laiss\u00e9 faire bien complaisamment\u2026<\/p>\n<p>\u00a0En effet, d\u00e8s le coup d\u2019envoi on comprend que la t\u00e2che des bastiais va \u00eatre compliqu\u00e9e face \u00e0 une bonne \u00e9quipe qui certes joue habilement au ballon bien aid\u00e9 en cela par un duo d\u2019attaquants extr\u00eamement vifs et percutants mais dont l\u2019agressivit\u00e9 sur le porteur du ballon est d\u00e9bordante et souvent limite.<\/p>\n<p>Ainsi, les arri\u00e8res lat\u00e9raux et les num\u00e9ros 7 &amp; 8 locaux multiplient les fautes dans les pieds bastiais et cherchent l\u2019\u00e9chauffour\u00e9e pour que le public s\u2019enflamme et fasse encore monter la pression d\u2019un cran.<\/p>\n<p>L\u2019arbitre peine \u00e0 sortir son carton jaune et ne cesse de laisser l\u2019avantage aux bastiais en clamant\u00a0: \u00ab\u00a0j\u2019ai vu\u00a0\u00bb mais jamais il ne revient sanctionner les auteurs des fautes adverse qui s\u2019en donnent librement \u00e0 c\u0153ur joie, comme s\u00fbrs de leur impunit\u00e9.<\/p>\n<p>\u00a0Sur le plan du jeu, les deux fl\u00e8ches noires locales posent de nombreux soucis \u00e0 l\u2019arri\u00e8re garde bastiaise et le trio d\u00e9fensif local avec une charni\u00e8re exp\u00e9riment\u00e9e associ\u00e9e \u00e0 un demi-d\u00e9fensif rugueux mais technique va imprimer sa touche \u00e0 cette rencontre.<\/p>\n<p>\u00a0Le onze bastais s\u2019est en effet pr\u00e9sent\u00e9 dans une configuration extr\u00eamement rajeunie:<\/p>\n<p>\u00a0Vincensini<\/p>\n<p>Perrot &#8211; \u00a0Vanucci \u2013 Galeazzi \u2013 M\u2019Bango<\/p>\n<p>Mustivar &#8211; Vincent<\/p>\n<p>Moizini \u2013 Diallo \u2013 Garcia<\/p>\n<p>Gaffory (cap)<\/p>\n<p>\u00a0Ainsi, l\u2019arri\u00e8re garde bastiaise n\u2019est compos\u00e9e que de jeunes \u00e9voluant en d\u00e9but de saison avec le groupe des moins de 19 ans et Christophe Vincent n\u2019\u00e9volue que pour la deuxi\u00e8me fois \u00e0 ce niveau.<\/p>\n<p>Malheureusement malgr\u00e9 de solides intentions dans le jeu, les bleus se font cueillir sur un d\u00e9gagement tendu du gardien local qui trouve son attaquant. L\u2019avant centre ami\u00e9nois, tr\u00e8s bon tout au long du match s\u2019arrache et lobe magistralement Thomas Vincensini qui ne peut que constater les d\u00e9g\u00e2ts.<\/p>\n<p>La pression locale baisse imm\u00e9diatement d\u2019un cran d\u00e8s ce but encaiss\u00e9 au terme du premier quart d\u2019heure et les bleus continuent \u00e0 jouer de l\u2019avant avec des phases de jeu bien construites jusqu\u2019\u00e0 une vingtaine de touches de balles.<\/p>\n<p>Sur un d\u00e9bordement de 50 m\u00e8tres tout en puissance de Garcia qui donne lieu \u00e0 un magnifique centre, Diallo tente une reprise de vol\u00e9e en ciseaux alors que l\u2019arri\u00e8re garde locale \u00e9tait \u00e0 l\u2019agonie\u2026mais loupe le ballon\u2026A mon sens un simple plat du pied aurait suffi pour porter l\u2019estocade et revenir logiquement au score.<\/p>\n<p>La seconde mi-temps voit les bastiais jeter toutes leurs forces dans leur bataille avec les rentr\u00e9es offensives de M\u2019Bida, Chaintreuil et N\u2019Daye mais Bastia peine \u00e0 concr\u00e9tiser ses vell\u00e9it\u00e9s\u2026 face \u00e0 une bonne arri\u00e8re garde locale qui sait d\u00e9gager en catastrophe et ne s\u2019embarrasse jamais de fioritures.<\/p>\n<p>Son duo du milieu multiplie les coups bas en toute impunit\u00e9 et le match se h\u00e2che. Gaffory est cherch\u00e9 verbalement par le stoppeur local \u00e0 plusieurs reprises mais, fort heureusement les bleus savent conserver leurs nerfs et ne pas tomber b\u00eatement dans le pi\u00e8ge de r\u00e9pondre aux provocations.<\/p>\n<p>Les bastiais semblent \u00e0 terre en cette fin de match car \u00e9puis\u00e9s mais ne l\u00e2chent rien et se battent jusqu\u2019au bout\u2026puis M\u2019Bida trouve la force d\u2019\u00e9chapper aux crampons adverses et \u00e0 deux tentatives de fauchage et vous connaissez la suite\u2026<\/p>\n<p>\u00a0Il ne reste plus qu\u2019\u00e0 battre Dreux mardi et ainsi les envoyer ad patres pour d\u00e9finitivement assurer le maintien.<\/p>\n<p>A noter qu\u2019il s\u2019agit du 7<sup>\u00e8me<\/sup> match de rang sans d\u00e9faite<\/p>\n<p>\u00a0Les joueurs\u00a0:<\/p>\n<p>Pour sa premi\u00e8re titularisation \u00e0 ce niveau et compte de son \u00e2ge, j\u2019ai trouv\u00e9 Vincensini tr\u00e8s int\u00e9ressant\u00a0: toujours bien plac\u00e9, peu spectaculaire mais diablement efficace\u2026il a su rester tr\u00e8s concentr\u00e9 et s\u2019est av\u00e9r\u00e9 un solide rempart derri\u00e8re\u2026<\/p>\n<p>Perrot ne cesse de progresser et M\u2019bango a su jouer \u00e0 un poste qui n\u2019est pas le sien en se sacrifiant\u2026la charni\u00e8re Vannucci et Gal\u00e9azzi a tenu mais qu\u2019elle semblait jeune face \u00e0 la charni\u00e8re ami\u00e9noise compos\u00e9e de trentenaires\u2026<\/p>\n<p>Gal\u00e9azzi pour sa seconde titularisation s\u2019est bien battu face \u00e0 une bonne doublette adverse et n&rsquo;a jamais rien l\u00e2ch\u00e9 comme son somp\u00e8re Olivier Vannucci<\/p>\n<p>Au milieu Mustivar fut \u00e9norme \u00e0 la r\u00e9cup\u00e9ration et \u00e0 la relance et son activit\u00e9 ne s\u2019est jamais arr\u00eat\u00e9e\u2026<\/p>\n<p>Autre 93 titularis\u00e9, Christophe Vincent fut bon gr\u00e2ce \u00e0 une bonne lecture du jeu et \u00e0 un impact physique dans les duels \u00e9tonnant au vu de son gabarit.<\/p>\n<p>Moizini a livr\u00e9 une prestation solide et Diallo a su jouer juste et collectif tout en d\u00e9montrant l\u2019\u00e9tendue de sa qualit\u00e9 technique.<\/p>\n<p>Garcia est apparu affut\u00e9 et on sent qu\u2019apr\u00e8s un trimestre d\u2019entrainement avec les pros, ce n\u2019est plus le m\u00eame joueur qu\u2019\u00e0 Oissel tant il semble avoir pris du volume sur le plan physique.<\/p>\n<p>Gaffory fut un capitaine engag\u00e9 et exemplaire d\u2019abn\u00e9gation<\/p>\n<p>\u00a0Dernier d\u00e9placement \u00e0 Gravelines le 22 mai prochain&#8230;d&rsquo;ici l\u00e0, la B a deux r\u00e9ceptions \u00e0 domicile dont ce match en retard face \u00e0 Dreux<\/p>\n<div class=\"pvc_clear\"><\/div>\n<p id=\"pvc_stats_1245\" class=\"pvc_stats total_only  \" data-element-id=\"1245\" style=\"\"><i class=\"pvc-stats-icon small\" aria-hidden=\"true\"><svg xmlns=\"http:\/\/www.w3.org\/2000\/svg\" version=\"1.0\" viewBox=\"0 0 502 315\" preserveAspectRatio=\"xMidYMid meet\"><g transform=\"translate(0,332) scale(0.1,-0.1)\" fill=\"\" stroke=\"none\"><path d=\"M2394 3279 l-29 -30 -3 -207 c-2 -182 0 -211 15 -242 39 -76 157 -76 196 0 15 31 17 60 15 243 l-3 209 -33 29 c-26 23 -41 29 -80 29 -41 0 -53 -5 -78 -31z\"\/><path d=\"M3085 3251 c-45 -19 -58 -50 -96 -229 -47 -217 -49 -260 -13 -295 52 -53 146 -42 177 20 16 31 87 366 87 410 0 70 -86 122 -155 94z\"\/><path d=\"M1751 3234 c-13 -9 -29 -31 -37 -50 -12 -29 -10 -49 21 -204 19 -94 39 -189 45 -210 14 -50 54 -80 110 -80 34 0 48 6 76 34 21 21 34 44 34 59 0 14 -18 113 -40 219 -37 178 -43 195 -70 221 -36 32 -101 37 -139 11z\"\/><path d=\"M1163 3073 c-36 -7 -73 -59 -73 -102 0 -56 133 -378 171 -413 34 -32 83 -37 129 -13 70 36 67 87 -16 290 -86 209 -89 214 -129 231 -35 14 -42 15 -82 7z\"\/><path d=\"M3689 3066 c-15 -9 -33 -30 -42 -48 -48 -103 -147 -355 -147 -375 0 -98 131 -148 192 -74 13 15 57 108 97 206 80 196 84 226 37 273 -30 30 -99 39 -137 18z\"\/><path d=\"M583 2784 c-38 -19 -67 -74 -58 -113 9 -42 211 -354 242 -373 16 -10 45 -18 66 -18 51 0 107 52 107 100 0 39 -1 41 -124 234 -80 126 -108 162 -133 173 -41 17 -61 16 -100 -3z\"\/><path d=\"M4250 2784 c-14 -9 -74 -91 -133 -183 -95 -150 -107 -173 -107 -213 0 -55 33 -94 87 -104 67 -13 90 8 211 198 130 202 137 225 78 284 -27 27 -42 34 -72 34 -22 0 -50 -8 -64 -16z\"\/><path d=\"M2275 2693 c-553 -48 -1095 -270 -1585 -649 -135 -104 -459 -423 -483 -476 -23 -49 -22 -139 2 -186 73 -142 361 -457 571 -626 285 -228 642 -407 990 -497 242 -63 336 -73 660 -74 310 0 370 5 595 52 535 111 1045 392 1455 803 122 121 250 273 275 326 19 41 19 137 0 174 -41 79 -309 363 -465 492 -447 370 -946 591 -1479 653 -113 14 -422 18 -536 8z m395 -428 c171 -34 330 -124 456 -258 112 -119 167 -219 211 -378 27 -96 24 -300 -5 -401 -72 -255 -236 -447 -474 -557 -132 -62 -201 -76 -368 -76 -167 0 -236 14 -368 76 -213 98 -373 271 -451 485 -162 444 86 934 547 1084 153 49 292 57 452 25z m909 -232 c222 -123 408 -262 593 -441 76 -74 138 -139 138 -144 0 -16 -233 -242 -330 -319 -155 -123 -309 -223 -461 -299 l-81 -41 32 46 c18 26 49 83 70 128 143 306 141 649 -6 957 -25 52 -61 116 -79 142 l-34 47 45 -20 c26 -10 76 -36 113 -56z m-2057 25 c-40 -58 -105 -190 -130 -263 -110 -324 -59 -707 132 -981 25 -35 42 -64 37 -64 -19 0 -241 119 -326 174 -188 122 -406 314 -532 468 l-58 71 108 103 c185 178 428 349 672 473 66 33 121 60 123 61 2 0 -10 -19 -26 -42z\"\/><path d=\"M2375 1950 c-198 -44 -350 -190 -395 -379 -18 -76 -8 -221 19 -290 114 -284 457 -406 731 -260 98 52 188 154 231 260 27 69 37 214 19 290 -38 163 -166 304 -326 360 -67 23 -215 33 -279 19z\"\/><\/g><\/svg><\/i> <img loading=\"lazy\" decoding=\"async\" width=\"16\" height=\"16\" alt=\"Loading\" src=\"https:\/\/www.turchini75.com\/v1\/wp-content\/plugins\/page-views-count\/ajax-loader-2x.gif\" border=0 \/><\/p>\n<div class=\"pvc_clear\"><\/div>\n","protected":false},"excerpt":{"rendered":"<p>Et c\u2019est FINI \u00a0!!! Et c\u2019est FINI \u00a0!!! Et c\u2019est FINI \u00a0!!! Depuis bient\u00f4t 5 minutes, les supporters locaux ne cessent de clamer [&hellip;]<\/p>\n","protected":false},"author":1,"featured_media":0,"comment_status":"open","ping_status":"open","sticky":false,"template":"","format":"standard","meta":{"footnotes":""},"categories":[96,95],"tags":[73,125,106,79],"class_list":["post-1245","post","type-post","status-publish","format-standard","hentry","category-cfa2-2009-2010","category-historique-cfa2","tag-2009-2010","tag-amiens-ac","tag-cfa2","tag-philippe"],"a3_pvc":{"activated":true,"total_views":49,"today_views":0},"amp_enabled":true,"_links":{"self":[{"href":"https:\/\/www.turchini75.com\/v1\/wp-json\/wp\/v2\/posts\/1245","targetHints":{"allow":["GET"]}}],"collection":[{"href":"https:\/\/www.turchini75.com\/v1\/wp-json\/wp\/v2\/posts"}],"about":[{"href":"https:\/\/www.turchini75.com\/v1\/wp-json\/wp\/v2\/types\/post"}],"author":[{"embeddable":true,"href":"https:\/\/www.turchini75.com\/v1\/wp-json\/wp\/v2\/users\/1"}],"replies":[{"embeddable":true,"href":"https:\/\/www.turchini75.com\/v1\/wp-json\/wp\/v2\/comments?post=1245"}],"version-history":[{"count":0,"href":"https:\/\/www.turchini75.com\/v1\/wp-json\/wp\/v2\/posts\/1245\/revisions"}],"wp:attachment":[{"href":"https:\/\/www.turchini75.com\/v1\/wp-json\/wp\/v2\/media?parent=1245"}],"wp:term":[{"taxonomy":"category","embeddable":true,"href":"https:\/\/www.turchini75.com\/v1\/wp-json\/wp\/v2\/categories?post=1245"},{"taxonomy":"post_tag","embeddable":true,"href":"https:\/\/www.turchini75.com\/v1\/wp-json\/wp\/v2\/tags?post=1245"}],"curies":[{"name":"wp","href":"https:\/\/api.w.org\/{rel}","templated":true}]}}